{"id":48599,"date":"2026-01-12T06:00:06","date_gmt":"2026-01-12T06:00:06","guid":{"rendered":"https:\/\/haberbesiktas.tr\/?p=48599"},"modified":"2026-01-12T06:00:06","modified_gmt":"2026-01-12T06:00:06","slug":"nkunkudan-transfer-sorusuna-net-cevap","status":"publish","type":"post","link":"https:\/\/haberbesiktas.tr\/?p=48599","title":{"rendered":"Nkunku&#8217;dan transfer sorusuna net cevap"},"content":{"rendered":"<div>Ad\u0131 Fenerbah\u00e7e ile an\u0131lan Milan&#8217;\u0131n y\u0131ld\u0131z\u0131 Christopher Nkunku, Fiorentina ile 1-1 berabere kald\u0131klar\u0131 ma\u00e7\u0131n akabinde konu\u015ftu.<\/p>\n<p> \u00c7abay\u0131 pahaland\u0131ran 28 ya\u015f\u0131ndaki y\u0131ld\u0131z, &#8220;\u00dc\u00e7 puan\u0131 \u00e7ok istedi\u011fimiz i\u00e7in biraz hayal k\u0131r\u0131kl\u0131\u011f\u0131na u\u011frad\u0131m. Fakat teknik y\u00f6neticinin de dedi\u011fi \u00fczere, kazanamad\u0131\u011f\u0131n\u0131zda kaybetmemek \u00e7ok k\u0131ymetli. E\u015fitleme gol\u00fcnden sonra hala yedi dakikam\u0131z vard\u0131; oyunu daha yeterli y\u00f6netmeyi ve rakibe bask\u0131 yapmay\u0131 \u00f6\u011frenmemiz gerekiyor. \u00dc\u00e7 puan\u0131 \u00e7ok istedi\u011fimiz i\u00e7in hayal k\u0131r\u0131kl\u0131\u011f\u0131na u\u011frad\u0131m.&#8221; s\u00f6zlerini kulland\u0131.<\/p>\n<p> <strong>&#8220;MA\u00c7 MA\u00c7 \u0130LERLEYECE\u011e\u0130Z&#8221;<\/strong> <\/p>\n<p> Ligdeki \u015fampiyonluk yar\u0131\u015f\u0131yla ilgili gelen soruya Frans\u0131z y\u0131ld\u0131z, &#8220;Milan&#8217;da oynarken her ma\u00e7\u0131 kazanmak istersiniz lakin biz ma\u00e7 ma\u00e7 ilerliyoruz. D\u00fczg\u00fcn bir teknik y\u00f6neticimiz ve yeterli bir tak\u0131m\u0131m\u0131z var, katiyen geli\u015fece\u011fiz.&#8221; kar\u015f\u0131l\u0131\u011f\u0131n\u0131 verdi.<\/p>\n<p> <strong>TRANSFER SORUSUNA CEVAP<\/strong><\/p>\n<p> &#8220;Milan&#8217;da kalacak m\u0131s\u0131n?&#8221; formundaki soruya Nkunku, &#8220;Burada, Milan&#8217;da kalmak istiyorum. Transfer piyasas\u0131ndaki haberler s\u00f6ylentiden ibaret.&#8221; kar\u015f\u0131l\u0131\u011f\u0131n\u0131 verdi.<\/p>\n<\/div>\n","protected":false},"excerpt":{"rendered":"<p>Milan&#8217;\u0131n y\u0131ld\u0131z\u0131 Christopher Nkunku, transfer haberlerini yalanlad\u0131 ve kul\u00fcpte kalaca\u011f\u0131n\u0131 duyurdu.<\/p>\n","protected":false},"author":1,"featured_media":48600,"comment_status":"open","ping_status":"open","sticky":false,"template":"","format":"standard","meta":{"footnotes":""},"categories":[25],"tags":[50],"class_list":["post-48599","post","type-post","status-publish","format-standard","has-post-thumbnail","hentry","category-futbol","tag-mac"],"_links":{"self":[{"href":"https:\/\/haberbesiktas.tr\/index.php?rest_route=\/wp\/v2\/posts\/48599","targetHints":{"allow":["GET"]}}],"collection":[{"href":"https:\/\/haberbesiktas.tr\/index.php?rest_route=\/wp\/v2\/posts"}],"about":[{"href":"https:\/\/haberbesiktas.tr\/index.php?rest_route=\/wp\/v2\/types\/post"}],"author":[{"embeddable":true,"href":"https:\/\/haberbesiktas.tr\/index.php?rest_route=\/wp\/v2\/users\/1"}],"replies":[{"embeddable":true,"href":"https:\/\/haberbesiktas.tr\/index.php?rest_route=%2Fwp%2Fv2%2Fcomments&post=48599"}],"version-history":[{"count":1,"href":"https:\/\/haberbesiktas.tr\/index.php?rest_route=\/wp\/v2\/posts\/48599\/revisions"}],"predecessor-version":[{"id":48601,"href":"https:\/\/haberbesiktas.tr\/index.php?rest_route=\/wp\/v2\/posts\/48599\/revisions\/48601"}],"wp:featuredmedia":[{"embeddable":true,"href":"https:\/\/haberbesiktas.tr\/index.php?rest_route=\/wp\/v2\/media\/48600"}],"wp:attachment":[{"href":"https:\/\/haberbesiktas.tr\/index.php?rest_route=%2Fwp%2Fv2%2Fmedia&parent=48599"}],"wp:term":[{"taxonomy":"category","embeddable":true,"href":"https:\/\/haberbesiktas.tr\/index.php?rest_route=%2Fwp%2Fv2%2Fcategories&post=48599"},{"taxonomy":"post_tag","embeddable":true,"href":"https:\/\/haberbesiktas.tr\/index.php?rest_route=%2Fwp%2Fv2%2Ftags&post=48599"}],"curies":[{"name":"wp","href":"https:\/\/api.w.org\/{rel}","templated":true}]}}