{"id":48602,"date":"2026-01-12T06:12:07","date_gmt":"2026-01-12T06:12:07","guid":{"rendered":"https:\/\/haberbesiktas.tr\/?p=48602"},"modified":"2026-01-12T06:12:07","modified_gmt":"2026-01-12T06:12:07","slug":"barcelona-real-madrid-ilk-11ler","status":"publish","type":"post","link":"https:\/\/haberbesiktas.tr\/?p=48602","title":{"rendered":"Barcelona &#8211; Real Madrid: \u0130lk 11&#8217;ler"},"content":{"rendered":"<div><strong>El Clasico vakti: Barcelona &#8211; Real Madrid!<\/strong> \u0130spanya Harika Kupas\u0131 sahibini buluyor.<\/p>\n<p> \u00dcst\u00fcn Kupa finalinde Barcelona ile Real Madrid kar\u015f\u0131 kar\u015f\u0131ya gelecek. Suudi Arabistan&#8217;da oynanacak El Clasico, saat 22.00&#8217;de ba\u015flayacak ve S Sport&#8217;tan naklen yay\u0131nlanacak.<\/p>\n<p><strong>ARDA G\u00dcLER YER\u0130NE GONZALO<\/strong><\/p>\n<p>Real Madrid, ma\u00e7tan evvel payla\u015ft\u0131\u011f\u0131 birinci 11 g\u00f6rselinde Arda G\u00fcler&#8217;e yer verdi. Daha sonra sehven kusur yapt\u0131\u011f\u0131 belirtilerek Arda G\u00fcler yerine Gonzalo birinci 11&#8217;e eklendi.<\/p>\n<p> <strong>\u0130LK 11&#8217;LER<\/strong> <\/p>\n<p> <strong>Barcelona:<\/strong>\u00a0Joan Garcia, Kounde, Cubarsi, Eric Garcia, Balde, De Jong, Pedri, Yamal, Fermin Lopez, Raphinha, Lewandowski.<\/p>\n<p><img decoding=\"async\" src=\"https:\/\/haberbesiktas.tr\/wp-content\/uploads\/2026\/01\/barcelona-real-madrid-ilk-11ler-0-AJYRFQFL.jpg\"\/><\/p>\n<p> <strong>Real Madrid:<\/strong>\u00a0Courtois, Valverde, Asencio, Huijsen, Carreras, Tchouameni, Camavinga, Rodrygo, Bellingham, Vinicius, Gonzalo.<\/p>\n<p><img decoding=\"async\" src=\"https:\/\/haberbesiktas.tr\/wp-content\/uploads\/2026\/01\/barcelona-real-madrid-ilk-11ler-1-lCpwjb8M.jpg\"\/><\/p>\n<p><span><strong>S SPORT PLUS&#8217;A SPORX KODUYLA \u00dcYE OL,<\/strong><\/span><br \/><span><strong>YILLIK PAKET\u0130 400 TL \u0130ND\u0130R\u0130ML\u0130 AL!<\/strong><\/span><\/p>\n<p><span><img decoding=\"async\" src=\"https:\/\/haberbesiktas.tr\/wp-content\/uploads\/2026\/01\/barcelona-real-madrid-ilk-11ler-2-tVFgORIj.jpg\"\/><\/span><\/p>\n<p> <strong>NE DED\u0130LER?<\/strong><\/p>\n<p> <strong>Barcelona Teknik Y\u00f6neticisi Hansi Flick:<\/strong> &#8220;El Clasico farkl\u0131 bir ma\u00e7. Kazanmak i\u00e7in elimizden gelenin en uygununu yapmaya \u00e7al\u0131\u015faca\u011f\u0131z. De\u011ferli olan bu ma\u00e7\u0131 oynamak ve biz de buna odakland\u0131k.&#8221;<\/p>\n<p> <strong>Real Madrid Teknik Y\u00f6neticisi Xabi Alonso:<\/strong> &#8220;Bu ma\u00e7\u0131n d\u00f6nemin geri kalan\u0131 i\u00e7in nitekim tesirli olaca\u011f\u0131n\u0131 d\u00fc\u015f\u00fcn\u00fcyorum. \u00c7ok de\u011ferli olacak!&#8221;<\/p>\n<p><\/div>\n","protected":false},"excerpt":{"rendered":"<p>\u0130spanya Muhte\u015fem Kupa finalinde Barcelona ile Real Madrid, El Clasico&#8217;da kar\u015f\u0131 kar\u015f\u0131ya gelecek.<\/p>\n","protected":false},"author":1,"featured_media":48603,"comment_status":"open","ping_status":"open","sticky":false,"template":"","format":"standard","meta":{"footnotes":""},"categories":[25],"tags":[364],"class_list":["post-48602","post","type-post","status-publish","format-standard","has-post-thumbnail","hentry","category-futbol","tag-real-madrid"],"_links":{"self":[{"href":"https:\/\/haberbesiktas.tr\/index.php?rest_route=\/wp\/v2\/posts\/48602","targetHints":{"allow":["GET"]}}],"collection":[{"href":"https:\/\/haberbesiktas.tr\/index.php?rest_route=\/wp\/v2\/posts"}],"about":[{"href":"https:\/\/haberbesiktas.tr\/index.php?rest_route=\/wp\/v2\/types\/post"}],"author":[{"embeddable":true,"href":"https:\/\/haberbesiktas.tr\/index.php?rest_route=\/wp\/v2\/users\/1"}],"replies":[{"embeddable":true,"href":"https:\/\/haberbesiktas.tr\/index.php?rest_route=%2Fwp%2Fv2%2Fcomments&post=48602"}],"version-history":[{"count":1,"href":"https:\/\/haberbesiktas.tr\/index.php?rest_route=\/wp\/v2\/posts\/48602\/revisions"}],"predecessor-version":[{"id":48607,"href":"https:\/\/haberbesiktas.tr\/index.php?rest_route=\/wp\/v2\/posts\/48602\/revisions\/48607"}],"wp:featuredmedia":[{"embeddable":true,"href":"https:\/\/haberbesiktas.tr\/index.php?rest_route=\/wp\/v2\/media\/48603"}],"wp:attachment":[{"href":"https:\/\/haberbesiktas.tr\/index.php?rest_route=%2Fwp%2Fv2%2Fmedia&parent=48602"}],"wp:term":[{"taxonomy":"category","embeddable":true,"href":"https:\/\/haberbesiktas.tr\/index.php?rest_route=%2Fwp%2Fv2%2Fcategories&post=48602"},{"taxonomy":"post_tag","embeddable":true,"href":"https:\/\/haberbesiktas.tr\/index.php?rest_route=%2Fwp%2Fv2%2Ftags&post=48602"}],"curies":[{"name":"wp","href":"https:\/\/api.w.org\/{rel}","templated":true}]}}