{"id":48617,"date":"2026-01-12T07:00:05","date_gmt":"2026-01-12T07:00:05","guid":{"rendered":"https:\/\/haberbesiktas.tr\/?p=48617"},"modified":"2026-01-12T07:00:05","modified_gmt":"2026-01-12T07:00:05","slug":"manchester-united-elendi-44-yil-sonra-bir-ilk","status":"publish","type":"post","link":"https:\/\/haberbesiktas.tr\/?p=48617","title":{"rendered":"Manchester United elendi! 44 y\u0131l sonra bir ilk"},"content":{"rendered":"<div>\n<div>\u0130ngiltere Federasyon Kupas\u0131 \u00fc\u00e7\u00fcnc\u00fc cins ma\u00e7\u0131nda Manchester United alan\u0131nda Brighton ile kar\u015f\u0131la\u015ft\u0131.<\/div>\n<div>\u00a0<\/div>\n<div>Old Trafford&#8217;da oynanan ma\u00e7\u0131 konuk tak\u0131m 2-1 kazand\u0131 ve bir \u00fcst \u00e7e\u015fide y\u00fckseldi.<\/div>\n<div>\u00a0<\/div>\n<div>Brighton&#8217;a galibiyeti getiren golleri 12. dakikada Brajan Gruda ve 65. dakikada Danny Welbeck kaydetti. Manchester United&#8217;\u0131n tek gol\u00fc 85. dakikada Benjamin Sesko&#8217;dan geldi. Manchester United&#8217;da Shea Lacey 90. dakikada k\u0131rm\u0131z\u0131 kart g\u00f6rd\u00fc.<\/div>\n<div>\u00a0<\/div>\n<div><strong>FERD\u0130 VE ALTAY<\/strong><\/div>\n<div>\u00a0<\/div>\n<div>Brighton&#8217;da ulusal futbolcu Ferdi Kad\u0131o\u011flu ma\u00e7\u0131n tamam\u0131nda alanda kal\u0131rken, Manchester United&#8217;da ulusal kaleci Altay Bay\u0131nd\u0131r m\u00fcsabakay\u0131 yedek kul\u00fcbesinde tamamlad\u0131.<\/div>\n<div>\u00a0<\/div>\n<div><strong>44 YIL SONRA B\u0130R \u0130LK<\/strong><\/div>\n<div>\u00a0<\/div>\n<div>Manchester United, 1981-82 d\u00f6neminden bu yana birinci kere t\u0131pk\u0131 d\u00f6nemde hem Federasyon Kupas\u0131 hem de Lig Kupas\u0131&#8217;na kat\u0131ld\u0131\u011f\u0131 cinste veda etti.<\/div>\n<\/p><\/div>\n","protected":false},"excerpt":{"rendered":"<p>\u0130ngiltere Federasyon Kupas\u0131 \u00fc\u00e7\u00fcnc\u00fc cinsinde Manchester United, alan\u0131nda Brighton&#8217;a 2-1 ma\u011flup olarak turnuvaya veda etti.<\/p>\n","protected":false},"author":1,"featured_media":48618,"comment_status":"open","ping_status":"open","sticky":false,"template":"","format":"standard","meta":{"footnotes":""},"categories":[25],"tags":[119],"class_list":["post-48617","post","type-post","status-publish","format-standard","has-post-thumbnail","hentry","category-futbol","tag-manchester-united"],"_links":{"self":[{"href":"https:\/\/haberbesiktas.tr\/index.php?rest_route=\/wp\/v2\/posts\/48617","targetHints":{"allow":["GET"]}}],"collection":[{"href":"https:\/\/haberbesiktas.tr\/index.php?rest_route=\/wp\/v2\/posts"}],"about":[{"href":"https:\/\/haberbesiktas.tr\/index.php?rest_route=\/wp\/v2\/types\/post"}],"author":[{"embeddable":true,"href":"https:\/\/haberbesiktas.tr\/index.php?rest_route=\/wp\/v2\/users\/1"}],"replies":[{"embeddable":true,"href":"https:\/\/haberbesiktas.tr\/index.php?rest_route=%2Fwp%2Fv2%2Fcomments&post=48617"}],"version-history":[{"count":1,"href":"https:\/\/haberbesiktas.tr\/index.php?rest_route=\/wp\/v2\/posts\/48617\/revisions"}],"predecessor-version":[{"id":48619,"href":"https:\/\/haberbesiktas.tr\/index.php?rest_route=\/wp\/v2\/posts\/48617\/revisions\/48619"}],"wp:featuredmedia":[{"embeddable":true,"href":"https:\/\/haberbesiktas.tr\/index.php?rest_route=\/wp\/v2\/media\/48618"}],"wp:attachment":[{"href":"https:\/\/haberbesiktas.tr\/index.php?rest_route=%2Fwp%2Fv2%2Fmedia&parent=48617"}],"wp:term":[{"taxonomy":"category","embeddable":true,"href":"https:\/\/haberbesiktas.tr\/index.php?rest_route=%2Fwp%2Fv2%2Fcategories&post=48617"},{"taxonomy":"post_tag","embeddable":true,"href":"https:\/\/haberbesiktas.tr\/index.php?rest_route=%2Fwp%2Fv2%2Ftags&post=48617"}],"curies":[{"name":"wp","href":"https:\/\/api.w.org\/{rel}","templated":true}]}}