{"id":48620,"date":"2026-01-12T07:12:03","date_gmt":"2026-01-12T07:12:03","guid":{"rendered":"https:\/\/haberbesiktas.tr\/?p=48620"},"modified":"2026-01-12T07:12:03","modified_gmt":"2026-01-12T07:12:03","slug":"jasikevicius-fenerbahce-icin-harika-hafta","status":"publish","type":"post","link":"https:\/\/haberbesiktas.tr\/?p=48620","title":{"rendered":"Jasikevicius: &#8220;Fenerbah\u00e7e i\u00e7in harika hafta!&#8221;"},"content":{"rendered":"<div>Fenerbah\u00e7e Beko&#8217;nun Bah\u00e7e\u015fehir Koleji&#8217;ni 89-58 ma\u011flup etti\u011fi ma\u00e7\u0131n akabinde Ba\u015fantren\u00f6r Sarunas Jasikevicius, FBTV mikrofonlar\u0131na konu\u015ftu.<\/p>\n<p> Fenerbah\u00e7e i\u00e7in ola\u011fan\u00fcst\u00fc bir hafta oldu\u011funu lisana getiren Sarunas Jasikevicius, &#8220;\u00d6ncelikle hem Futbol Kadromuzu hem de Bayan Basketbol Grubumuzu tebrik ederek s\u00f6zlerime ba\u015flamak istiyorum. Futbolda Galatasaray&#8217;a kar\u015f\u0131 Muhte\u015fem Kupa&#8217;y\u0131, bayan basketbolda ise Galatasaray&#8217;a kar\u015f\u0131 T\u00fcrkiye Kupas\u0131&#8217;n\u0131 kazand\u0131k. Fenerbah\u00e7e i\u00e7in m\u00fckemmel bir haftayd\u0131.&#8221; dedi.<\/p>\n<p> Litvanyal\u0131 ko\u00e7, &#8220;Bize gelecek olursak ma\u00e7a \u00f6nemli ba\u015flad\u0131k. Bu kadar d\u00fczg\u00fcn ve yetenekli oyuncular\u0131 olan ekibe kar\u015f\u0131 a\u00e7\u0131k\u00e7as\u0131 bu t\u00fcrl\u00fc bir ma\u00e7 beklemiyorduk. \u00c7ok \u00e2l\u00e2 performans ortaya koyduk. Yeni oyuncular\u0131m\u0131zla ilgili sab\u0131rl\u0131 olmam\u0131z gerekiyor. Ocak ay\u0131nda gruba kat\u0131lmak hi\u00e7 kolay de\u011fil. Bu t\u00fcrl\u00fc ma\u00e7lar oynamak ve uzun m\u00fcddetler almak katiyen i\u015fe yar\u0131yor. Gelecek haftada birka\u00e7 g\u00fcn birlikte antrenman yapacak vaktimiz var. Bizim i\u00e7in \u00e7ok olumlu bir m\u00fcsabakayd\u0131. Bunun \u00fczerine koyarak devam etmemiz gerekiyor.&#8221; s\u00f6zleriyler konu\u015fmas\u0131n\u0131 noktalad\u0131. <\/p>\n<p> \u00a0<\/p>\n<\/div>\n","protected":false},"excerpt":{"rendered":"<p>Fenerbah\u00e7e Ba\u015fantren\u00f6r\u00fc Sarunas Jasikevicius, Galatasaray&#8217;a kar\u015f\u0131 2 final kazanan kul\u00fcb\u00fcn\u00fc tebrik etti.<\/p>\n","protected":false},"author":1,"featured_media":48621,"comment_status":"open","ping_status":"open","sticky":false,"template":"","format":"standard","meta":{"footnotes":""},"categories":[10],"tags":[],"class_list":["post-48620","post","type-post","status-publish","format-standard","has-post-thumbnail","hentry","category-basketbol"],"_links":{"self":[{"href":"https:\/\/haberbesiktas.tr\/index.php?rest_route=\/wp\/v2\/posts\/48620","targetHints":{"allow":["GET"]}}],"collection":[{"href":"https:\/\/haberbesiktas.tr\/index.php?rest_route=\/wp\/v2\/posts"}],"about":[{"href":"https:\/\/haberbesiktas.tr\/index.php?rest_route=\/wp\/v2\/types\/post"}],"author":[{"embeddable":true,"href":"https:\/\/haberbesiktas.tr\/index.php?rest_route=\/wp\/v2\/users\/1"}],"replies":[{"embeddable":true,"href":"https:\/\/haberbesiktas.tr\/index.php?rest_route=%2Fwp%2Fv2%2Fcomments&post=48620"}],"version-history":[{"count":1,"href":"https:\/\/haberbesiktas.tr\/index.php?rest_route=\/wp\/v2\/posts\/48620\/revisions"}],"predecessor-version":[{"id":48622,"href":"https:\/\/haberbesiktas.tr\/index.php?rest_route=\/wp\/v2\/posts\/48620\/revisions\/48622"}],"wp:featuredmedia":[{"embeddable":true,"href":"https:\/\/haberbesiktas.tr\/index.php?rest_route=\/wp\/v2\/media\/48621"}],"wp:attachment":[{"href":"https:\/\/haberbesiktas.tr\/index.php?rest_route=%2Fwp%2Fv2%2Fmedia&parent=48620"}],"wp:term":[{"taxonomy":"category","embeddable":true,"href":"https:\/\/haberbesiktas.tr\/index.php?rest_route=%2Fwp%2Fv2%2Fcategories&post=48620"},{"taxonomy":"post_tag","embeddable":true,"href":"https:\/\/haberbesiktas.tr\/index.php?rest_route=%2Fwp%2Fv2%2Ftags&post=48620"}],"curies":[{"name":"wp","href":"https:\/\/api.w.org\/{rel}","templated":true}]}}