{"id":48623,"date":"2026-01-12T07:24:04","date_gmt":"2026-01-12T07:24:04","guid":{"rendered":"https:\/\/haberbesiktas.tr\/?p=48623"},"modified":"2026-01-12T07:24:04","modified_gmt":"2026-01-12T07:24:04","slug":"nando-de-colo-fenerbahceye-donmek-zor-karar-degil","status":"publish","type":"post","link":"https:\/\/haberbesiktas.tr\/?p=48623","title":{"rendered":"Nando De Colo: &#8220;Fenerbah\u00e7e&#8217;ye d\u00f6nmek zor karar de\u011fil&#8221;"},"content":{"rendered":"<div>Fenerbah\u00e7e Beko&#8217;nun Bah\u00e7e\u015fehir Koleji&#8217;ni 89-58 ma\u011flup etti\u011fi ma\u00e7\u0131n akabinde sar\u0131 lacivertli ekibe geri d\u00f6nen Nando De Colo, FBTV mikrofonlar\u0131na konu\u015ftu.<\/p>\n<p> Ma\u00e7\u0131 13 say\u0131 ile tamamlayan Frans\u0131z y\u0131ld\u0131z, &#8220;Geri d\u00f6nd\u00fc\u011f\u00fcm ve tekrar Fenerbah\u00e7e oyuncusu olarak parkeye \u00e7\u0131kt\u0131\u011f\u0131m i\u00e7in \u00e7ok memnunum. Bu basketbol manas\u0131nda muhakkak g\u00fc\u00e7 bir karar de\u011fildi. Aileniz varsa \u00fclkenizde ayarlaman\u0131z \u015feyler oluyor lakin Fenerbah\u00e7e&#8217;ye gelmek g\u00fc\u00e7 bir karar de\u011fildi.&#8221; dedi.<\/p>\n<p> De Colo, &#8220;Bug\u00fcn alana \u00e7\u0131kmak ve tekrar Fenerbah\u00e7e taraftar\u0131n\u0131n \u00f6n\u00fcnde forma giymek \u015fahaneydi. Bundan sonra d\u00f6nem ama\u00e7lar\u0131m\u0131za ula\u015fmak i\u00e7in daha fazla \u00e7al\u0131\u015fmaya ve daha fazla elimden geleni yapmaya \u00e7al\u0131\u015faca\u011f\u0131m. Birebir bi\u00e7imde ailemin buraya gelip benimle olmas\u0131 i\u00e7in de sab\u0131rs\u0131zlan\u0131yorum.&#8221; kelamlar\u0131yla konu\u015fmas\u0131n\u0131 noktalad\u0131. <\/p>\n<\/div>\n","protected":false},"excerpt":{"rendered":"<p>Fenerbah\u00e7e Beko&#8217;ya geri d\u00f6nen ve birinci ma\u00e7\u0131na \u00e7\u0131kan Frans\u0131z y\u0131ld\u0131z De Colo, ma\u00e7\u0131n akabinde a\u00e7\u0131klamalarda bulundu.<\/p>\n","protected":false},"author":1,"featured_media":48624,"comment_status":"open","ping_status":"open","sticky":false,"template":"","format":"standard","meta":{"footnotes":""},"categories":[10],"tags":[],"class_list":["post-48623","post","type-post","status-publish","format-standard","has-post-thumbnail","hentry","category-basketbol"],"_links":{"self":[{"href":"https:\/\/haberbesiktas.tr\/index.php?rest_route=\/wp\/v2\/posts\/48623","targetHints":{"allow":["GET"]}}],"collection":[{"href":"https:\/\/haberbesiktas.tr\/index.php?rest_route=\/wp\/v2\/posts"}],"about":[{"href":"https:\/\/haberbesiktas.tr\/index.php?rest_route=\/wp\/v2\/types\/post"}],"author":[{"embeddable":true,"href":"https:\/\/haberbesiktas.tr\/index.php?rest_route=\/wp\/v2\/users\/1"}],"replies":[{"embeddable":true,"href":"https:\/\/haberbesiktas.tr\/index.php?rest_route=%2Fwp%2Fv2%2Fcomments&post=48623"}],"version-history":[{"count":1,"href":"https:\/\/haberbesiktas.tr\/index.php?rest_route=\/wp\/v2\/posts\/48623\/revisions"}],"predecessor-version":[{"id":48625,"href":"https:\/\/haberbesiktas.tr\/index.php?rest_route=\/wp\/v2\/posts\/48623\/revisions\/48625"}],"wp:featuredmedia":[{"embeddable":true,"href":"https:\/\/haberbesiktas.tr\/index.php?rest_route=\/wp\/v2\/media\/48624"}],"wp:attachment":[{"href":"https:\/\/haberbesiktas.tr\/index.php?rest_route=%2Fwp%2Fv2%2Fmedia&parent=48623"}],"wp:term":[{"taxonomy":"category","embeddable":true,"href":"https:\/\/haberbesiktas.tr\/index.php?rest_route=%2Fwp%2Fv2%2Fcategories&post=48623"},{"taxonomy":"post_tag","embeddable":true,"href":"https:\/\/haberbesiktas.tr\/index.php?rest_route=%2Fwp%2Fv2%2Ftags&post=48623"}],"curies":[{"name":"wp","href":"https:\/\/api.w.org\/{rel}","templated":true}]}}