{"id":48641,"date":"2026-01-12T08:24:07","date_gmt":"2026-01-12T08:24:07","guid":{"rendered":"https:\/\/haberbesiktas.tr\/?p=48641"},"modified":"2026-01-12T08:24:07","modified_gmt":"2026-01-12T08:24:07","slug":"ne-el-clasicoydu-ama","status":"publish","type":"post","link":"https:\/\/haberbesiktas.tr\/?p=48641","title":{"rendered":"Ne El Clasico&#8217;ydu ama&#8230;"},"content":{"rendered":"<div>\u0130spanya \u00dcst\u00fcn Kupa final ma\u00e7\u0131nda Barcelona ile Real Madrid kar\u015f\u0131 kar\u015f\u0131ya geldi. Suudi Arabistan&#8217;\u0131n ba\u015f\u015fehri Cidde&#8217;deki Kral Abdullah Stadyumu&#8217;nda oynanan \u00e7abay\u0131 Barcelona 3-2 kazand\u0131.<\/p>\n<p> Barcelona, 36. dakikada Raphinha&#8217;n\u0131n gol\u00fcyle \u00f6ne ge\u00e7ti.<\/p>\n<p><strong>\u0130LK YARININ UZATMALARI &#8216;\u00c7ILDIRDI&#8217;<\/strong><\/p>\n<p> Birinci yar\u0131n\u0131n sonuna 3 dakika uzatma g\u00f6sterilirken Real Madrid, 45+2&#8217;de Vinicius Junior ile skoru e\u015fitledi. <\/p>\n<p> Santran\u0131n akabinde \u00e7abucak hamle eden Barcelona, 45+4&#8217;te yine \u00f6ne ge\u00e7ti.<\/p>\n<p> Real Madrid, yedi\u011fi gol\u00fcn akabinde yapt\u0131\u011f\u0131 santra sonras\u0131 Gonzalo Garcia ile 45+6&#8217;da skoru bir sefer daha e\u015fitledi.<\/p>\n<p><strong>RAPHINHA, EL CLASICO&#8217;YA \u0130MZASINI ATTI<\/strong><\/p>\n<p> Birinci yar\u0131n\u0131n bilakis epey sakin ge\u00e7en ikinci yar\u0131da Barcelona, 76. dakikada Raphinha&#8217;n\u0131n gol\u00fcyle bir defa daha \u00f6ne ge\u00e7ti.<\/p>\n<p>Barcelona&#8217;n\u0131n kaptan\u0131 Frenkie De Jong, 90+1. dakikada direkt k\u0131rm\u0131z\u0131 kartla oyundan ihra\u00e7 edildi.<\/p>\n<p><strong>S\u00dcPER KUPA&#8217;NIN EN BA\u015eARILISI BARCELONA<\/strong><\/p>\n<p> Bu sonu\u00e7la birlikte Barcelona, \u0130spanya \u00dcst\u00fcn Kupas\u0131&#8217;n\u0131 kazand\u0131.<\/p>\n<p> Katalan devi \u00fcst \u00fcste 2, toplamda ise 16. kez bu kupay\u0131 m\u00fczesine g\u00f6t\u00fcrmeyi ba\u015fard\u0131.<\/p>\n<p> <strong>REAL MADRID&#8217;DEN ARDA G\u00dcLER HATASI<\/strong><\/p>\n<p> Real Madrid, ma\u00e7 \u00f6ncesi yapt\u0131\u011f\u0131 birinci 11 a\u00e7\u0131klamas\u0131nda Arda G\u00fcler&#8217;e yer verdi. 15 dakika sorna yap\u0131lan yeni a\u00e7\u0131klamada ise Arda G\u00fcler&#8217;in yedek, Gonzalo Garcia&#8217;n\u0131n forvet olarak oynayaca\u011f\u0131 belirtildi. \u0130spanyol kul\u00fcb\u00fc, bu kusurun grafiker taraf\u0131ndan &#8216;sehven&#8217; yap\u0131ld\u0131\u011f\u0131n\u0131 duyurdu.<\/p>\n<p>Arda G\u00fcler, u\u011fra\u015f\u0131n 68. dakikas\u0131nda Federico Valverde yerine oyuna dahil oldu.<\/p>\n<p> <strong>KYLIAN MBAPPE YEDEK KALDI<\/strong><\/p>\n<p> Real Madrid&#8217;in Frans\u0131z harika y\u0131ld\u0131z\u0131 Kylian Mbappe, bu d\u00f6nem birinci defa bir Real Madrid ma\u00e7\u0131nda yedek bekledi. Skor 3-2&#8217;ye geldikten sonra 76. dakikada Gonzalo Garcia yerine oyuna dahil oldu.<\/p>\n<blockquote class=\"twitter-tweet\" data-width=\"500\" data-dnt=\"true\">\n<p lang=\"en\" dir=\"ltr\">\u26bd\ufe0fGOL: 36&#39; Raphinha<br \/>\ud83d\udccdBarcelona 1-0 Real Madrid<a href=\"https:\/\/t.co\/8ggm6uFZo7\" rel=\"nofollow\">pic.twitter.com\/8ggm6uFZo7<\/a><\/p>\n<p>&mdash; Sporx (@sporx) <a href=\"https:\/\/twitter.com\/sporx\/status\/2010436324696985829?ref_src=twsrc%5Etfw\" rel=\"nofollow noopener\" target=\"_blank\">January 11, 2026<\/a><\/p><\/blockquote>\n<p><script async src=\"https:\/\/platform.twitter.com\/widgets.js\" charset=\"utf-8\"><\/script><\/p>\n<p> <strong>\u00a0<\/strong><\/p>\n<blockquote class=\"twitter-tweet\" data-width=\"500\" data-dnt=\"true\">\n<p lang=\"es\" dir=\"ltr\">\u26bd\ufe0fGOL: 45+2&#39; Vinicius Junior<br \/>\ud83d\udccdBarcelona 1-1 Real Madrid<a href=\"https:\/\/t.co\/R2I4j926Vm\" rel=\"nofollow\">pic.twitter.com\/R2I4j926Vm<\/a><\/p>\n<p>&mdash; Sporx (@sporx) <a href=\"https:\/\/twitter.com\/sporx\/status\/2010439352736964915?ref_src=twsrc%5Etfw\" rel=\"nofollow noopener\" target=\"_blank\">January 11, 2026<\/a><\/p><\/blockquote>\n<p><script async src=\"https:\/\/platform.twitter.com\/widgets.js\" charset=\"utf-8\"><\/script><\/p>\n<blockquote class=\"twitter-tweet\" data-width=\"500\" data-dnt=\"true\">\n<p lang=\"es\" dir=\"ltr\">\u26bd\ufe0fGOL: 45+4&#39; Robert Lewandowski<br \/>\ud83d\udccdBarcelona 2-1 Real Madrid<a href=\"https:\/\/t.co\/OhlcH0Iso9\" rel=\"nofollow\">pic.twitter.com\/OhlcH0Iso9<\/a><\/p>\n<p>&mdash; Sporx (@sporx) <a href=\"https:\/\/twitter.com\/sporx\/status\/2010439683189416434?ref_src=twsrc%5Etfw\" rel=\"nofollow noopener\" target=\"_blank\">January 11, 2026<\/a><\/p><\/blockquote>\n<p><script async src=\"https:\/\/platform.twitter.com\/widgets.js\" charset=\"utf-8\"><\/script><\/p>\n<blockquote class=\"twitter-tweet\" data-width=\"500\" data-dnt=\"true\">\n<p lang=\"es\" dir=\"ltr\">\u26bd\ufe0fGOL: 45+6&#39; Gonzalo Garcia<br \/>\ud83d\udccdBarcelona 2-2 Real Madrid<a href=\"https:\/\/t.co\/v9UdUeCxfc\" rel=\"nofollow\">pic.twitter.com\/v9UdUeCxfc<\/a><\/p>\n<p>&mdash; Sporx (@sporx) <a href=\"https:\/\/twitter.com\/sporx\/status\/2010440549032173874?ref_src=twsrc%5Etfw\" rel=\"nofollow noopener\" target=\"_blank\">January 11, 2026<\/a><\/p><\/blockquote>\n<p><script async src=\"https:\/\/platform.twitter.com\/widgets.js\" charset=\"utf-8\"><\/script><\/p>\n<blockquote class=\"twitter-tweet\" data-width=\"500\" data-dnt=\"true\">\n<p lang=\"en\" dir=\"ltr\">\u26bd\ufe0fGOL: 73&#39; Raphinha<br \/>\ud83d\udccdBarcelona 3-2 Real Madrid<a href=\"https:\/\/t.co\/QjtMfrE5bD\" rel=\"nofollow\">pic.twitter.com\/QjtMfrE5bD<\/a><\/p>\n<p>&mdash; Sporx (@sporx) <a href=\"https:\/\/twitter.com\/sporx\/status\/2010451996822900883?ref_src=twsrc%5Etfw\" rel=\"nofollow noopener\" target=\"_blank\">January 11, 2026<\/a><\/p><\/blockquote>\n<p><script async src=\"https:\/\/platform.twitter.com\/widgets.js\" charset=\"utf-8\"><\/script><\/p>\n<p> \u00a0<\/p>\n<blockquote class=\"twitter-tweet\" data-width=\"500\" data-dnt=\"true\">\n<p lang=\"es\" dir=\"ltr\">\ud83d\udfe590+1&#39; Frenkie De Jong<br \/>\ud83d\udccdBarcelona 3-2 Real Madrid<a href=\"https:\/\/t.co\/k9KKyBUEX0\" rel=\"nofollow\">pic.twitter.com\/k9KKyBUEX0<\/a><\/p>\n<p>&mdash; Sporx (@sporx) <a href=\"https:\/\/twitter.com\/sporx\/status\/2010456778811818128?ref_src=twsrc%5Etfw\" rel=\"nofollow noopener\" target=\"_blank\">January 11, 2026<\/a><\/p><\/blockquote>\n<p><script async src=\"https:\/\/platform.twitter.com\/widgets.js\" charset=\"utf-8\"><\/script><\/p>\n<\/p><\/div>\n","protected":false},"excerpt":{"rendered":"<p>\u0130spanya \u00dcst\u00fcn Kupa finalinde Barcelona, Real Madrid&#8217;i 3-2 ma\u011flup etmeyi ba\u015fard\u0131.<\/p>\n","protected":false},"author":1,"featured_media":48648,"comment_status":"open","ping_status":"open","sticky":false,"template":"","format":"standard","meta":{"footnotes":""},"categories":[25],"tags":[307,109,364],"class_list":["post-48641","post","type-post","status-publish","format-standard","has-post-thumbnail","hentry","category-futbol","tag-barcelona","tag-dakika","tag-real-madrid"],"_links":{"self":[{"href":"https:\/\/haberbesiktas.tr\/index.php?rest_route=\/wp\/v2\/posts\/48641","targetHints":{"allow":["GET"]}}],"collection":[{"href":"https:\/\/haberbesiktas.tr\/index.php?rest_route=\/wp\/v2\/posts"}],"about":[{"href":"https:\/\/haberbesiktas.tr\/index.php?rest_route=\/wp\/v2\/types\/post"}],"author":[{"embeddable":true,"href":"https:\/\/haberbesiktas.tr\/index.php?rest_route=\/wp\/v2\/users\/1"}],"replies":[{"embeddable":true,"href":"https:\/\/haberbesiktas.tr\/index.php?rest_route=%2Fwp%2Fv2%2Fcomments&post=48641"}],"version-history":[{"count":1,"href":"https:\/\/haberbesiktas.tr\/index.php?rest_route=\/wp\/v2\/posts\/48641\/revisions"}],"predecessor-version":[{"id":48649,"href":"https:\/\/haberbesiktas.tr\/index.php?rest_route=\/wp\/v2\/posts\/48641\/revisions\/48649"}],"wp:featuredmedia":[{"embeddable":true,"href":"https:\/\/haberbesiktas.tr\/index.php?rest_route=\/wp\/v2\/media\/48648"}],"wp:attachment":[{"href":"https:\/\/haberbesiktas.tr\/index.php?rest_route=%2Fwp%2Fv2%2Fmedia&parent=48641"}],"wp:term":[{"taxonomy":"category","embeddable":true,"href":"https:\/\/haberbesiktas.tr\/index.php?rest_route=%2Fwp%2Fv2%2Fcategories&post=48641"},{"taxonomy":"post_tag","embeddable":true,"href":"https:\/\/haberbesiktas.tr\/index.php?rest_route=%2Fwp%2Fv2%2Ftags&post=48641"}],"curies":[{"name":"wp","href":"https:\/\/api.w.org\/{rel}","templated":true}]}}