{"id":48666,"date":"2026-01-12T09:36:05","date_gmt":"2026-01-12T09:36:05","guid":{"rendered":"https:\/\/haberbesiktas.tr\/?p=48666"},"modified":"2026-01-12T09:36:05","modified_gmt":"2026-01-12T09:36:05","slug":"galatasaraydan-imzaya-erteleme","status":"publish","type":"post","link":"https:\/\/haberbesiktas.tr\/?p=48666","title":{"rendered":"Galatasaray&#8217;dan imzaya erteleme"},"content":{"rendered":"<div>Galatasaray&#8217;\u0131n Can Armando G\u00fcner transferinde p\u00fcr\u00fcz \u00e7\u0131kt\u0131.<\/p>\n<p> A Spor&#8217;dan Serhan T\u00fcrk&#8217;\u00fcn haberine nazaran; Galatasaray&#8217;\u0131n transfer i\u00e7in \u0130stanbul&#8217;a getirdi\u011fi Can Armando G\u00fcner transferinde eza \u00e7\u0131kt\u0131. Galatasaray da transferi d\u00f6nem sonuna b\u0131rakma plan\u0131n\u0131 d\u00fc\u015f\u00fcnmeye ba\u015flad\u0131.<\/p>\n<p> Bunun nedeni ise Can Armando G\u00fcner&#8217;in d\u00f6nem sonunda Gladbach ile bitecek olan kontrat\u0131&#8230; <\/p>\n<p> <strong>RHEINISCHE POST: &#8220;KUL\u00dcPTEN M\u00dcSAADES\u0130Z GELD\u0130&#8221;<\/strong><\/p>\n<p> Alman bas\u0131n\u0131ndan Rheinische Post&#8217;un ge\u00e7ti\u011fi haberde; Can Armando G\u00fcner&#8217;in hastal\u0131k m\u00fcsaadesiyle idmanlara \u00e7\u0131kmad\u0131\u011f\u0131 ve kul\u00fcpten habersiz bir halde \u0130stanbul&#8217;a gelerek Galatasaray ile g\u00f6r\u00fc\u015ft\u00fc\u011f\u00fc tez edildi.<\/p>\n<p> <strong>GLADBACH SPORT\u0130F Y\u00d6NET\u0130C\u0130S\u0130: &#8220;\u015eA\u015eIRDIK&#8221;<\/strong><\/p>\n<p> Gladbach Sportif Y\u00f6neticisi Rouven Schr\u00f6der, babas\u0131 T\u00fcrk, annesi Arjantin k\u00f6kenli Alman vatanda\u015f\u0131 olan oyuncuyla ilgili olarak, &#8220;Can Armando G\u00fcner&#8217;in \u0130stanbul&#8217;a gitmesi bizi \u015fa\u015f\u0131rtt\u0131 zira kul\u00fcb\u00fcm\u00fcze ula\u015fan resmi bir teklif olmad\u0131. Bizimle ba\u011flant\u0131ya ge\u00e7mek isteyenler i\u00e7in t\u00fcm telefon ve e-posta bilgilerimiz kul\u00fcb\u00fcn internet sitesinde yer al\u0131yor&#8221; s\u00f6zlerini kulland\u0131.<\/p>\n<p> Ayr\u0131yeten G\u00fcner&#8217;in rol\u00fcn\u00fc de k\u0131ymetlendiren Schr\u00f6der, &#8220;O bir \u00fcst\u00fcn yetenek de\u011fil, bizde \u00e7ok say\u0131da bulunan yeteneklerden biri.&#8221; dedi.<\/p>\n<\/div>\n","protected":false},"excerpt":{"rendered":"<p>Galatasaray, \u0130stanbul&#8217;a getirdi\u011fi Can Armando G\u00fcner&#8217;in transferini d\u00f6nem sonuna b\u0131rakmaya haz\u0131rlan\u0131yor.<\/p>\n","protected":false},"author":1,"featured_media":48667,"comment_status":"open","ping_status":"open","sticky":false,"template":"","format":"standard","meta":{"footnotes":""},"categories":[25],"tags":[3643],"class_list":["post-48666","post","type-post","status-publish","format-standard","has-post-thumbnail","hentry","category-futbol","tag-can-armando-guner"],"_links":{"self":[{"href":"https:\/\/haberbesiktas.tr\/index.php?rest_route=\/wp\/v2\/posts\/48666","targetHints":{"allow":["GET"]}}],"collection":[{"href":"https:\/\/haberbesiktas.tr\/index.php?rest_route=\/wp\/v2\/posts"}],"about":[{"href":"https:\/\/haberbesiktas.tr\/index.php?rest_route=\/wp\/v2\/types\/post"}],"author":[{"embeddable":true,"href":"https:\/\/haberbesiktas.tr\/index.php?rest_route=\/wp\/v2\/users\/1"}],"replies":[{"embeddable":true,"href":"https:\/\/haberbesiktas.tr\/index.php?rest_route=%2Fwp%2Fv2%2Fcomments&post=48666"}],"version-history":[{"count":1,"href":"https:\/\/haberbesiktas.tr\/index.php?rest_route=\/wp\/v2\/posts\/48666\/revisions"}],"predecessor-version":[{"id":48668,"href":"https:\/\/haberbesiktas.tr\/index.php?rest_route=\/wp\/v2\/posts\/48666\/revisions\/48668"}],"wp:featuredmedia":[{"embeddable":true,"href":"https:\/\/haberbesiktas.tr\/index.php?rest_route=\/wp\/v2\/media\/48667"}],"wp:attachment":[{"href":"https:\/\/haberbesiktas.tr\/index.php?rest_route=%2Fwp%2Fv2%2Fmedia&parent=48666"}],"wp:term":[{"taxonomy":"category","embeddable":true,"href":"https:\/\/haberbesiktas.tr\/index.php?rest_route=%2Fwp%2Fv2%2Fcategories&post=48666"},{"taxonomy":"post_tag","embeddable":true,"href":"https:\/\/haberbesiktas.tr\/index.php?rest_route=%2Fwp%2Fv2%2Ftags&post=48666"}],"curies":[{"name":"wp","href":"https:\/\/api.w.org\/{rel}","templated":true}]}}