{"id":48672,"date":"2026-01-12T10:00:05","date_gmt":"2026-01-12T10:00:05","guid":{"rendered":"https:\/\/haberbesiktas.tr\/?p=48672"},"modified":"2026-01-12T10:00:05","modified_gmt":"2026-01-12T10:00:05","slug":"real-madridden-kupa-toreninde-alkis-koridoru-krizi","status":"publish","type":"post","link":"https:\/\/haberbesiktas.tr\/?p=48672","title":{"rendered":"Real Madrid&#8217;den kupa t\u00f6reninde alk\u0131\u015f koridoru krizi"},"content":{"rendered":"<div>\n<div>\u0130spanya Harika Kupa finalinde Barcelona, Real Madrid&#8217;i 3-2 ma\u011flup etmeyi ba\u015fard\u0131.<\/div>\n<div>\u00a0<\/div>\n<div>Ma\u00e7\u0131n akabinde kupa merasimi \u00f6ncesi dikkat cazibeli bir olay ya\u015fand\u0131.<\/div>\n<div>\u00a0<\/div>\n<div>Real Madrid, Barcelona&#8217;n\u0131n Madrid i\u00e7in yapt\u0131\u011f\u0131 kl\u00e2sik alk\u0131\u015f koridoru merasimine kar\u015f\u0131n, Barcelona sahneye \u00e7\u0131karken t\u0131pk\u0131 merasimi yapmay\u0131 reddetti.<\/div>\n<div>\u00a0<\/div>\n<div>Kylian Mbappe, rakiplerini alk\u0131\u015flamak i\u00e7in haz\u0131rlanan ekip arkada\u015flar\u0131n\u0131 soyunma odas\u0131na g\u00f6t\u00fcrd\u00fc. <\/p>\n<blockquote class=\"twitter-tweet\" data-width=\"500\" data-dnt=\"true\">\n<p lang=\"tr\" dir=\"ltr\">Real Madrid, Barcelona&#39;n\u0131n Madrid i\u00e7in yapt\u0131\u011f\u0131 geleneksel alk\u0131\u015f koridoru t\u00f6renine ra\u011fmen, Barcelona sahneye \u00e7\u0131karken ayn\u0131 t\u00f6reni yapmay\u0131 reddetti.<\/p>\n<p>\ud83d\udca5Kylian Mbappe, rakiplerini alk\u0131\u015flamak i\u00e7in haz\u0131rlanan tak\u0131m arkada\u015flar\u0131n\u0131 soyunma odas\u0131na g\u00f6t\u00fcrd\u00fc. <a href=\"https:\/\/t.co\/louoiZJCOr\" rel=\"nofollow\">pic.twitter.com\/louoiZJCOr<\/a><\/p>\n<p>&mdash; Sporx Ekstra (@sporxekstra_) <a href=\"https:\/\/twitter.com\/sporxekstra_\/status\/2010467644819005448?ref_src=twsrc%5Etfw\" rel=\"nofollow noopener\" target=\"_blank\">January 11, 2026<\/a><\/p><\/blockquote>\n<p><script async src=\"https:\/\/platform.twitter.com\/widgets.js\" charset=\"utf-8\"><\/script><\/p>\n<\/p><\/div>\n<\/p><\/div>\n","protected":false},"excerpt":{"rendered":"<p>\u0130spanya \u00dcst\u00fcn Kupa finalinde Barcelona&#8217;ya 3-2 ma\u011flup olan Real Madrid, kupa merasimi \u00f6ncesinde Barcelona i\u00e7in alk\u0131\u015f koridoru yapmay\u0131 reddetti.<\/p>\n","protected":false},"author":1,"featured_media":48674,"comment_status":"open","ping_status":"open","sticky":false,"template":"","format":"standard","meta":{"footnotes":""},"categories":[25],"tags":[],"class_list":["post-48672","post","type-post","status-publish","format-standard","has-post-thumbnail","hentry","category-futbol"],"_links":{"self":[{"href":"https:\/\/haberbesiktas.tr\/index.php?rest_route=\/wp\/v2\/posts\/48672","targetHints":{"allow":["GET"]}}],"collection":[{"href":"https:\/\/haberbesiktas.tr\/index.php?rest_route=\/wp\/v2\/posts"}],"about":[{"href":"https:\/\/haberbesiktas.tr\/index.php?rest_route=\/wp\/v2\/types\/post"}],"author":[{"embeddable":true,"href":"https:\/\/haberbesiktas.tr\/index.php?rest_route=\/wp\/v2\/users\/1"}],"replies":[{"embeddable":true,"href":"https:\/\/haberbesiktas.tr\/index.php?rest_route=%2Fwp%2Fv2%2Fcomments&post=48672"}],"version-history":[{"count":1,"href":"https:\/\/haberbesiktas.tr\/index.php?rest_route=\/wp\/v2\/posts\/48672\/revisions"}],"predecessor-version":[{"id":48675,"href":"https:\/\/haberbesiktas.tr\/index.php?rest_route=\/wp\/v2\/posts\/48672\/revisions\/48675"}],"wp:featuredmedia":[{"embeddable":true,"href":"https:\/\/haberbesiktas.tr\/index.php?rest_route=\/wp\/v2\/media\/48674"}],"wp:attachment":[{"href":"https:\/\/haberbesiktas.tr\/index.php?rest_route=%2Fwp%2Fv2%2Fmedia&parent=48672"}],"wp:term":[{"taxonomy":"category","embeddable":true,"href":"https:\/\/haberbesiktas.tr\/index.php?rest_route=%2Fwp%2Fv2%2Fcategories&post=48672"},{"taxonomy":"post_tag","embeddable":true,"href":"https:\/\/haberbesiktas.tr\/index.php?rest_route=%2Fwp%2Fv2%2Ftags&post=48672"}],"curies":[{"name":"wp","href":"https:\/\/api.w.org\/{rel}","templated":true}]}}