{"id":48676,"date":"2026-01-12T10:12:04","date_gmt":"2026-01-12T10:12:04","guid":{"rendered":"https:\/\/haberbesiktas.tr\/?p=48676"},"modified":"2026-01-12T10:12:04","modified_gmt":"2026-01-12T10:12:04","slug":"laporta-muhtesem-oynayan-bir-takimimiz-var","status":"publish","type":"post","link":"https:\/\/haberbesiktas.tr\/?p=48676","title":{"rendered":"Laporta: &#8220;Muhte\u015fem oynayan bir tak\u0131m\u0131m\u0131z var&#8221;"},"content":{"rendered":"<div>\u0130spanya Harika Kupa finalinde Real Madrid&#8217;i 3-2 ma\u011flup ederek kupaya uzanan Barcelona&#8217;da Lider Joan Laport, ma\u00e7 sonras\u0131 konu\u015ftu. <\/p>\n<div>\u00a0<\/div>\n<div><strong>\u0130\u015fte Laporta&#8217;n\u0131n a\u00e7\u0131klamalar\u0131:<\/strong> <\/p>\n<div>\u00a0<\/div>\n<div>\n<div>&#8220;Muhte\u015fem futbol oynayan bir ekibimiz var, m\u00fckemmel bir final oldu. Hansi Flick ve grubu ola\u011fan\u00fcst\u00fc bir i\u015f \u00e7\u0131kar\u0131yorlar, bu b\u00fcy\u00fck muvaffakiyetin mimarlar\u0131 onlar. Ge\u00e7en d\u00f6nemi ve biraz daha fazlas\u0131 ba\u015far\u0131y\u0131 ya\u015famak isteriz.<\/div>\n<div>\u00a0<\/div>\n<div>Bar\u00e7a-Madrid finali&#8230; Biz daha g\u00fczel durumda olsak da, finalde favori yoktur. Pes etmedik, beraberlik oldu\u011fundan \u00fcstesinden geldik, gerginlik ya\u015fad\u0131k ancak bunlar finalin tabiat\u0131nda var. Finalin senaryosu ho\u015fuma gitti, \u00e7ok \u00e7eki\u015fmeli ve \u00e7ok de\u011fi\u015fikti.<\/div>\n<div>\u00a0<\/div>\n<div>Raphinha iki gol att\u0131, bir tane daha atabilirdi. Ma\u00e7\u0131n yo\u011funlu\u011funu, ritmini belirlei. Lakin bu bir ekip oyunu, bir oyuncuyu \u00f6ne \u00e7\u0131karm\u0131yoruz zira \u00e7ok uyumlu bir ekibiz, kadro ruhuyla oynuyoruz, \u00e7ok \u00e7al\u0131\u015f\u0131yoruz.\u00a0<\/div>\n<div>\u00a0<\/div>\n<div>Florentino Perez beni tebrik etti, ma\u00e7\u0131n sonunda. Ma\u00e7\u0131n ba\u015f\u0131nda selamla\u015ft\u0131k ve sonunda beni tebrik etti, Real Madrid kazansayd\u0131 ben de birebirini yapard\u0131m.&#8221;<\/div>\n<\/p><\/div>\n<\/p><\/div>\n<\/div>\n","protected":false},"excerpt":{"rendered":"<p>\u0130spanya Muhte\u015fem Kupa finalinde Real Madrid&#8217;i 3-2 ma\u011flup ederek kupaya uzanan Barcelona&#8217;da Lider Joan Laporta konu\u015ftu.<\/p>\n","protected":false},"author":1,"featured_media":48677,"comment_status":"open","ping_status":"open","sticky":false,"template":"","format":"standard","meta":{"footnotes":""},"categories":[25],"tags":[235],"class_list":["post-48676","post","type-post","status-publish","format-standard","has-post-thumbnail","hentry","category-futbol","tag-final"],"_links":{"self":[{"href":"https:\/\/haberbesiktas.tr\/index.php?rest_route=\/wp\/v2\/posts\/48676","targetHints":{"allow":["GET"]}}],"collection":[{"href":"https:\/\/haberbesiktas.tr\/index.php?rest_route=\/wp\/v2\/posts"}],"about":[{"href":"https:\/\/haberbesiktas.tr\/index.php?rest_route=\/wp\/v2\/types\/post"}],"author":[{"embeddable":true,"href":"https:\/\/haberbesiktas.tr\/index.php?rest_route=\/wp\/v2\/users\/1"}],"replies":[{"embeddable":true,"href":"https:\/\/haberbesiktas.tr\/index.php?rest_route=%2Fwp%2Fv2%2Fcomments&post=48676"}],"version-history":[{"count":1,"href":"https:\/\/haberbesiktas.tr\/index.php?rest_route=\/wp\/v2\/posts\/48676\/revisions"}],"predecessor-version":[{"id":48678,"href":"https:\/\/haberbesiktas.tr\/index.php?rest_route=\/wp\/v2\/posts\/48676\/revisions\/48678"}],"wp:featuredmedia":[{"embeddable":true,"href":"https:\/\/haberbesiktas.tr\/index.php?rest_route=\/wp\/v2\/media\/48677"}],"wp:attachment":[{"href":"https:\/\/haberbesiktas.tr\/index.php?rest_route=%2Fwp%2Fv2%2Fmedia&parent=48676"}],"wp:term":[{"taxonomy":"category","embeddable":true,"href":"https:\/\/haberbesiktas.tr\/index.php?rest_route=%2Fwp%2Fv2%2Fcategories&post=48676"},{"taxonomy":"post_tag","embeddable":true,"href":"https:\/\/haberbesiktas.tr\/index.php?rest_route=%2Fwp%2Fv2%2Ftags&post=48676"}],"curies":[{"name":"wp","href":"https:\/\/api.w.org\/{rel}","templated":true}]}}