{"id":48679,"date":"2026-01-12T10:24:08","date_gmt":"2026-01-12T10:24:08","guid":{"rendered":"https:\/\/haberbesiktas.tr\/?p=48679"},"modified":"2026-01-12T10:24:08","modified_gmt":"2026-01-12T10:24:08","slug":"hansi-flick-harikaydik-kupayi-hak-ettik","status":"publish","type":"post","link":"https:\/\/haberbesiktas.tr\/?p=48679","title":{"rendered":"Hansi Flick: &#8220;Harikayd\u0131k, kupay\u0131 hak ettik!&#8221;"},"content":{"rendered":"<div>Barcelona Teknik Y\u00f6neticisi Hansi Flick, Real Madrid&#8217;i 3-2 yendikleri \u0130spanya \u00dcst\u00fcn Kupas\u0131 final ma\u00e7\u0131n\u0131n akabinde a\u00e7\u0131klamalarda bulundu.<\/p>\n<p> Alman teknik adam, &#8220;Mutluyum. Kadroyla \u00e7ok gurur duyuyorum. Bence ola\u011fan\u00fcst\u00fc bir final oynad\u0131k.&#8221; dedi.<\/p>\n<p>Barcelona&#8217;n\u0131n ma\u00e7ta daima \u00f6ne ge\u00e7mesi ve Real Madrid&#8217;in skoru dengelemesiyle ilgili gelen soruya Flick, &#8220;\u0130lk yar\u0131da \u00e7ok yeterli oynad\u0131\u011f\u0131m\u0131z\u0131 d\u00fc\u015f\u00fcn\u00fcyorum. Topa hakim olduk, oyunu denetim ettik. Ayr\u0131yeten bu d\u00fczeyde bazen ac\u0131 \u00e7ekmek gerekti\u011fini de biliyoruz ve o denli de oldu. Ancak sonu\u00e7ta\u2026 ma\u00e7 boyunca kendi oyunumuzu istedi\u011fimiz \u00fczere oynad\u0131k, topa hakim olduk ve al\u0131\u015f\u0131lm\u0131\u015f ki onlar\u0131n da kalitesi vard\u0131, ayr\u0131yeten sonlara hakikat on \u015fah\u0131sla oynamak kolay de\u011fildi lakin u\u011fra\u015f ettik. Bir grup olarak birlikte sava\u015f\u0131yoruz ve bunu g\u00f6rmek sahiden s\u00fcper.&#8221; yan\u0131t\u0131n\u0131 verdi.<\/p>\n<p> Final ma\u00e7\u0131n\u0131 pahaland\u0131ran Flick, &#8220;Bu d\u00fczeydeki futbolda \u00e7ok fazla kalite oldu\u011funu biliyoruz ve Real Madrid&#8217;in de o denli. Lakin, sonu\u00e7ta bence bu kupay\u0131 kazanmay\u0131 hak ettik.&#8221; tabirleriyle kelamlar\u0131n\u0131 noktalad\u0131. <\/p>\n<\/div>\n","protected":false},"excerpt":{"rendered":"<p>Barcelona&#8217;n\u0131n Alman teknik adam\u0131 Hansi Flick, Real Madrid&#8217;i 3-2 yendikleri ma\u00e7\u0131n akabinde konu\u015ftu.<\/p>\n","protected":false},"author":1,"featured_media":48680,"comment_status":"open","ping_status":"open","sticky":false,"template":"","format":"standard","meta":{"footnotes":""},"categories":[25],"tags":[],"class_list":["post-48679","post","type-post","status-publish","format-standard","has-post-thumbnail","hentry","category-futbol"],"_links":{"self":[{"href":"https:\/\/haberbesiktas.tr\/index.php?rest_route=\/wp\/v2\/posts\/48679","targetHints":{"allow":["GET"]}}],"collection":[{"href":"https:\/\/haberbesiktas.tr\/index.php?rest_route=\/wp\/v2\/posts"}],"about":[{"href":"https:\/\/haberbesiktas.tr\/index.php?rest_route=\/wp\/v2\/types\/post"}],"author":[{"embeddable":true,"href":"https:\/\/haberbesiktas.tr\/index.php?rest_route=\/wp\/v2\/users\/1"}],"replies":[{"embeddable":true,"href":"https:\/\/haberbesiktas.tr\/index.php?rest_route=%2Fwp%2Fv2%2Fcomments&post=48679"}],"version-history":[{"count":1,"href":"https:\/\/haberbesiktas.tr\/index.php?rest_route=\/wp\/v2\/posts\/48679\/revisions"}],"predecessor-version":[{"id":48681,"href":"https:\/\/haberbesiktas.tr\/index.php?rest_route=\/wp\/v2\/posts\/48679\/revisions\/48681"}],"wp:featuredmedia":[{"embeddable":true,"href":"https:\/\/haberbesiktas.tr\/index.php?rest_route=\/wp\/v2\/media\/48680"}],"wp:attachment":[{"href":"https:\/\/haberbesiktas.tr\/index.php?rest_route=%2Fwp%2Fv2%2Fmedia&parent=48679"}],"wp:term":[{"taxonomy":"category","embeddable":true,"href":"https:\/\/haberbesiktas.tr\/index.php?rest_route=%2Fwp%2Fv2%2Fcategories&post=48679"},{"taxonomy":"post_tag","embeddable":true,"href":"https:\/\/haberbesiktas.tr\/index.php?rest_route=%2Fwp%2Fv2%2Ftags&post=48679"}],"curies":[{"name":"wp","href":"https:\/\/api.w.org\/{rel}","templated":true}]}}