{"id":48682,"date":"2026-01-12T10:36:04","date_gmt":"2026-01-12T10:36:04","guid":{"rendered":"https:\/\/haberbesiktas.tr\/?p=48682"},"modified":"2026-01-12T10:36:04","modified_gmt":"2026-01-12T10:36:04","slug":"arda-gulerin-el-clasico-sonrasi-buyuk-ofkesi","status":"publish","type":"post","link":"https:\/\/haberbesiktas.tr\/?p=48682","title":{"rendered":"Arda G\u00fcler&#8217;in El Clasico sonras\u0131 b\u00fcy\u00fck \u00f6fkesi"},"content":{"rendered":"<div>Real Madrid, \u0130spanya Muhte\u015fem Kupa finalinde Barcelona&#8217;ya 3-2 ma\u011flup oldu.<\/p>\n<p> Suudi Arabistan&#8217;da Kral Abdullah Stadyumu&#8217;nda oynanan m\u00fcsabakaya yedek kul\u00fcbesinde ba\u015flayan Arda G\u00fcler, 68. dakikada oyuna dahil oldu. Ulusal futbolcu ma\u00e7\u0131n son d\u00fcd\u00fc\u011f\u00fcyle birlikte \u00e7ok konu\u015fulacak bir harekete imza att\u0131.<\/p>\n<p> Arda G\u00fcler ma\u00e7\u0131n bitmesiyle birlikte saha kenar\u0131nda duran \u015fi\u015feye tekme atmak istedi. \u015ei\u015feye tekmeyi sallayan Arda&#8217;n\u0131n aya\u011f\u0131 kayd\u0131 ve s\u0131rt\u00fcst\u00fc yere d\u00fc\u015ft\u00fc. <\/p>\n<p> S\u00fcratle yerden kalkan ulusal futbolcu eliyle yere vurup soyunma odas\u0131na gitti.<\/p>\n<p> Arda G\u00fcler&#8217;in o anlar\u0131 taraftar kameras\u0131na yans\u0131d\u0131. Y\u0131ld\u0131z futbolcu toplumsal medyada d\u00fcnya g\u00fcndemine girerken, \u0130spanyol bas\u0131n\u0131nda da man\u015fetlere ta\u015f\u0131nd\u0131.<\/p>\n<blockquote class=\"twitter-tweet\" data-width=\"500\" data-dnt=\"true\">\n<p lang=\"tr\" dir=\"ltr\">Arda G\u00fcler&#39;in El Clasico sonras\u0131 \u00f6fkesi<a href=\"https:\/\/t.co\/nuEK3anCCC\" rel=\"nofollow\">pic.twitter.com\/nuEK3anCCC<\/a><\/p>\n<p>&mdash; Sporxtv (@sporxtv) <a href=\"https:\/\/twitter.com\/sporxtv\/status\/2010580103202488696?ref_src=twsrc%5Etfw\" rel=\"nofollow noopener\" target=\"_blank\">January 12, 2026<\/a><\/p><\/blockquote>\n<p><script async src=\"https:\/\/platform.twitter.com\/widgets.js\" charset=\"utf-8\"><\/script><\/p>\n<\/p><\/div>\n","protected":false},"excerpt":{"rendered":"<p>Arda G\u00fcler&#8217;in 3-2 kaybettikleri El Clasico&#8217;nun son d\u00fcd\u00fc\u011f\u00fcyle birlikte yapt\u0131\u011f\u0131 hareket ve devam\u0131nda ya\u015fad\u0131klar\u0131 g\u00fcndem oldu.<\/p>\n","protected":false},"author":1,"featured_media":48684,"comment_status":"open","ping_status":"open","sticky":false,"template":"","format":"standard","meta":{"footnotes":""},"categories":[25],"tags":[],"class_list":["post-48682","post","type-post","status-publish","format-standard","has-post-thumbnail","hentry","category-futbol"],"_links":{"self":[{"href":"https:\/\/haberbesiktas.tr\/index.php?rest_route=\/wp\/v2\/posts\/48682","targetHints":{"allow":["GET"]}}],"collection":[{"href":"https:\/\/haberbesiktas.tr\/index.php?rest_route=\/wp\/v2\/posts"}],"about":[{"href":"https:\/\/haberbesiktas.tr\/index.php?rest_route=\/wp\/v2\/types\/post"}],"author":[{"embeddable":true,"href":"https:\/\/haberbesiktas.tr\/index.php?rest_route=\/wp\/v2\/users\/1"}],"replies":[{"embeddable":true,"href":"https:\/\/haberbesiktas.tr\/index.php?rest_route=%2Fwp%2Fv2%2Fcomments&post=48682"}],"version-history":[{"count":1,"href":"https:\/\/haberbesiktas.tr\/index.php?rest_route=\/wp\/v2\/posts\/48682\/revisions"}],"predecessor-version":[{"id":48685,"href":"https:\/\/haberbesiktas.tr\/index.php?rest_route=\/wp\/v2\/posts\/48682\/revisions\/48685"}],"wp:featuredmedia":[{"embeddable":true,"href":"https:\/\/haberbesiktas.tr\/index.php?rest_route=\/wp\/v2\/media\/48684"}],"wp:attachment":[{"href":"https:\/\/haberbesiktas.tr\/index.php?rest_route=%2Fwp%2Fv2%2Fmedia&parent=48682"}],"wp:term":[{"taxonomy":"category","embeddable":true,"href":"https:\/\/haberbesiktas.tr\/index.php?rest_route=%2Fwp%2Fv2%2Fcategories&post=48682"},{"taxonomy":"post_tag","embeddable":true,"href":"https:\/\/haberbesiktas.tr\/index.php?rest_route=%2Fwp%2Fv2%2Ftags&post=48682"}],"curies":[{"name":"wp","href":"https:\/\/api.w.org\/{rel}","templated":true}]}}