{"id":48689,"date":"2026-01-12T11:00:05","date_gmt":"2026-01-12T11:00:05","guid":{"rendered":"https:\/\/haberbesiktas.tr\/?p=48689"},"modified":"2026-01-12T11:00:05","modified_gmt":"2026-01-12T11:00:05","slug":"gonullerin-fatihi-tedesco","status":"publish","type":"post","link":"https:\/\/haberbesiktas.tr\/?p=48689","title":{"rendered":"&#8220;G\u00f6n\u00fcllerin Fatihi&#8221; Tedesco"},"content":{"rendered":"<div>Galatasaray derbisi sona erdi\u011finde herkes Matteo Guendouzi&#8217;yi konu\u015fuyordu&#8230;<\/p>\n<p> Bir adam vard\u0131 ki kendini geri plana \u00e7ekip, sahneyi Muhte\u015fem Kupa \u015fampiyonu futbolcular\u0131na b\u0131rakt\u0131. Halbuki \u015fampiyonluk hasretiyle yan\u0131p tutu\u015fan Fenerbah\u00e7e&#8217;yi tekrar aya\u011fa kald\u0131ran adam Domenico Tedesco&#8217;ydu. Oyuncular\u0131n\u0131n g\u00f6zlerindeki eski \u0131\u015f\u0131\u011f\u0131 geri getirdi, kadrosu bir aile yapt\u0131 ve en k\u0131ymetlisi \u015fampiyonlu\u011fa inanmay\u0131 \u00f6\u011fretti.<\/p>\n<p> <strong>HER YERDE BA\u015eARILI<\/strong> <\/p>\n<p> Savunmada duvar \u00fczere bir istikrar, atakta \u00fcretkenlik ve aktiflik patlamas\u0131&#8230;<\/p>\n<p> Birinci yar\u0131y\u0131 nama\u011flup tamamlayan, tam 12 y\u0131l sonra gelen Harika Kupa zaferiyle hasreti sonland\u0131ran Fenerbah\u00e7e, UEFA Avrupa Ligi&#8217;nde de tepe sav\u0131n\u0131 s\u00fcrd\u00fcr\u00fcyor. Bu muvaffakiyetin mimar\u0131 Tedesco, m\u00fctevaz\u0131 ki\u015fili\u011fiyle, oyuncular\u0131na duydu\u011fu derin h\u00fcrmetle bu sefer kupa seremonisinde co\u015fkuyu kenarda sessizce izledi.<\/p>\n<p> <strong>YEN\u0130 \u00d6NDER VE UMUT<\/strong><\/p>\n<p> Tedesco, &#8220;Sevinmek onlar\u0131n hakk\u0131. Alanda sava\u015fan, ter d\u00f6ken, her \u015feyi g\u00f6ze alan onlar. Benim i\u00e7in bu taraftarlar\u0131n hocas\u0131 olmak b\u00fcy\u00fck bir zevk ve onur. Kutlaman\u0131n oyunculara ili\u015fkin oldu\u011funu d\u00fc\u015f\u00fcn\u00fcyorum&#8221; diyerek bir defa daha g\u00f6n\u00fclleri fethetti.<\/p>\n<p> Tedesco yaln\u0131zca bir teknik y\u00f6netici de\u011fil, Fenerbah\u00e7e&#8217;de art\u0131k sar\u0131-lacivertli topluluk i\u00e7in bir \u00f6nder, bir baba, bir umut var.\u00a0\u00a0<\/p>\n<\/div>\n","protected":false},"excerpt":{"rendered":"<p>Fenerbah\u00e7eli futbolculara \u015fampiyonlu\u011fa inanmay\u0131 \u00f6\u011freten Tedesco, &#8220;Fenerbah\u00e7e&#8217;yi yine aya\u011fa kald\u0131ran adam&#8221; olmas\u0131na kar\u015f\u0131n kupa seremonisinde geri plana \u00e7ekilmesi ile de geceye damgas\u0131n\u0131 vurdu.<\/p>\n","protected":false},"author":1,"featured_media":48690,"comment_status":"open","ping_status":"open","sticky":false,"template":"","format":"standard","meta":{"footnotes":""},"categories":[25],"tags":[],"class_list":["post-48689","post","type-post","status-publish","format-standard","has-post-thumbnail","hentry","category-futbol"],"_links":{"self":[{"href":"https:\/\/haberbesiktas.tr\/index.php?rest_route=\/wp\/v2\/posts\/48689","targetHints":{"allow":["GET"]}}],"collection":[{"href":"https:\/\/haberbesiktas.tr\/index.php?rest_route=\/wp\/v2\/posts"}],"about":[{"href":"https:\/\/haberbesiktas.tr\/index.php?rest_route=\/wp\/v2\/types\/post"}],"author":[{"embeddable":true,"href":"https:\/\/haberbesiktas.tr\/index.php?rest_route=\/wp\/v2\/users\/1"}],"replies":[{"embeddable":true,"href":"https:\/\/haberbesiktas.tr\/index.php?rest_route=%2Fwp%2Fv2%2Fcomments&post=48689"}],"version-history":[{"count":1,"href":"https:\/\/haberbesiktas.tr\/index.php?rest_route=\/wp\/v2\/posts\/48689\/revisions"}],"predecessor-version":[{"id":48691,"href":"https:\/\/haberbesiktas.tr\/index.php?rest_route=\/wp\/v2\/posts\/48689\/revisions\/48691"}],"wp:featuredmedia":[{"embeddable":true,"href":"https:\/\/haberbesiktas.tr\/index.php?rest_route=\/wp\/v2\/media\/48690"}],"wp:attachment":[{"href":"https:\/\/haberbesiktas.tr\/index.php?rest_route=%2Fwp%2Fv2%2Fmedia&parent=48689"}],"wp:term":[{"taxonomy":"category","embeddable":true,"href":"https:\/\/haberbesiktas.tr\/index.php?rest_route=%2Fwp%2Fv2%2Fcategories&post=48689"},{"taxonomy":"post_tag","embeddable":true,"href":"https:\/\/haberbesiktas.tr\/index.php?rest_route=%2Fwp%2Fv2%2Ftags&post=48689"}],"curies":[{"name":"wp","href":"https:\/\/api.w.org\/{rel}","templated":true}]}}