{"id":48692,"date":"2026-01-12T11:12:05","date_gmt":"2026-01-12T11:12:05","guid":{"rendered":"https:\/\/haberbesiktas.tr\/?p=48692"},"modified":"2026-01-12T11:12:05","modified_gmt":"2026-01-12T11:12:05","slug":"galatasarayda-aranan-adam-osimhen","status":"publish","type":"post","link":"https:\/\/haberbesiktas.tr\/?p=48692","title":{"rendered":"Galatasaray&#8217;da aranan adam Osimhen!"},"content":{"rendered":"<div>Galatasaray, ba\u015fta Muhte\u015fem Kupa finali olmak \u00fczere en b\u00fcy\u00fck d\u00fc\u015f\u00fcnceyi forvette \u00e7ekiyor.<\/p>\n<p> Mauro Icardi&#8217;nin hem kilo fazlas\u0131 hem yeni mukavele imzalamad\u0131\u011f\u0131 i\u00e7in moralsiz olmas\u0131 ekipteki performans\u0131n\u0131 da d\u00fc\u015f\u00fcrd\u00fc. Afrika Kupas\u0131&#8217;na giden Victor Osimhen&#8217;in yoklu\u011fu art\u0131k daha \u00e7ok aran\u0131yor.<\/p>\n<p><strong>AFR\u0130KA KUPASI&#8217;NDA YARI F\u0130NAL<\/strong><\/p>\n<p> 27 ya\u015f\u0131ndaki oyuncu, Afrika Kupas\u0131&#8217;nda \u00e7\u0131kt\u0131\u011f\u0131 5 ma\u00e7ta 4 gol, 2 asistle parlad\u0131. Nijerya&#8217;y\u0131 att\u0131\u011f\u0131 gollerle Afrika Uluslar Kupas\u0131&#8217;nda yar\u0131 finale ta\u015f\u0131d\u0131. <\/p>\n<p> <strong>D\u00d6N\u00dc\u015e TAR\u0130H\u0130<\/strong><\/p>\n<p> Nijerya yar\u0131 finalde 14 Ocak&#8217;ta Fas ile oynayacak. Kaybederse \u00fc\u00e7\u00fcnc\u00fcl\u00fck ma\u00e7\u0131 17 Ocak&#8217;ta, kazan\u0131rsa final ma\u00e7\u0131 18 Ocak&#8217;ta oynanacak. Osimhen&#8217;in d\u00f6n\u00fc\u015f\u00fc en erken 18 Ocak&#8217;ta olacak. Taraftar, Osimhen&#8217;in d\u00f6n\u00fc\u015f\u00fcn\u00fc sab\u0131rs\u0131zl\u0131kla bekliyor.<\/p>\n<p><strong>GALATASARAY PERFORMANSI<\/strong><\/p>\n<p> Galatasaray formas\u0131 alt\u0131nda bu d\u00f6nem 16 ma\u00e7ta m\u00fcddet bulan Osimhen, 12 defa a\u011flar\u0131 havaland\u0131rd\u0131.<\/p>\n<\/div>\n","protected":false},"excerpt":{"rendered":"<p>Galatasaray&#8217;da yoklu\u011fu b\u00fcy\u00fck sorun olan Victor Osimhen&#8217;in 18 Ocak tarihinde geri d\u00f6nmesi bekleniyor.<\/p>\n","protected":false},"author":1,"featured_media":48693,"comment_status":"open","ping_status":"open","sticky":false,"template":"","format":"standard","meta":{"footnotes":""},"categories":[25],"tags":[235,120],"class_list":["post-48692","post","type-post","status-publish","format-standard","has-post-thumbnail","hentry","category-futbol","tag-final","tag-kupa"],"_links":{"self":[{"href":"https:\/\/haberbesiktas.tr\/index.php?rest_route=\/wp\/v2\/posts\/48692","targetHints":{"allow":["GET"]}}],"collection":[{"href":"https:\/\/haberbesiktas.tr\/index.php?rest_route=\/wp\/v2\/posts"}],"about":[{"href":"https:\/\/haberbesiktas.tr\/index.php?rest_route=\/wp\/v2\/types\/post"}],"author":[{"embeddable":true,"href":"https:\/\/haberbesiktas.tr\/index.php?rest_route=\/wp\/v2\/users\/1"}],"replies":[{"embeddable":true,"href":"https:\/\/haberbesiktas.tr\/index.php?rest_route=%2Fwp%2Fv2%2Fcomments&post=48692"}],"version-history":[{"count":1,"href":"https:\/\/haberbesiktas.tr\/index.php?rest_route=\/wp\/v2\/posts\/48692\/revisions"}],"predecessor-version":[{"id":48694,"href":"https:\/\/haberbesiktas.tr\/index.php?rest_route=\/wp\/v2\/posts\/48692\/revisions\/48694"}],"wp:featuredmedia":[{"embeddable":true,"href":"https:\/\/haberbesiktas.tr\/index.php?rest_route=\/wp\/v2\/media\/48693"}],"wp:attachment":[{"href":"https:\/\/haberbesiktas.tr\/index.php?rest_route=%2Fwp%2Fv2%2Fmedia&parent=48692"}],"wp:term":[{"taxonomy":"category","embeddable":true,"href":"https:\/\/haberbesiktas.tr\/index.php?rest_route=%2Fwp%2Fv2%2Fcategories&post=48692"},{"taxonomy":"post_tag","embeddable":true,"href":"https:\/\/haberbesiktas.tr\/index.php?rest_route=%2Fwp%2Fv2%2Ftags&post=48692"}],"curies":[{"name":"wp","href":"https:\/\/api.w.org\/{rel}","templated":true}]}}