{"id":48695,"date":"2026-01-12T11:24:07","date_gmt":"2026-01-12T11:24:07","guid":{"rendered":"https:\/\/haberbesiktas.tr\/?p=48695"},"modified":"2026-01-12T11:24:07","modified_gmt":"2026-01-12T11:24:07","slug":"derbide-saha-disinda-sadettin-saran-imzasi","status":"publish","type":"post","link":"https:\/\/haberbesiktas.tr\/?p=48695","title":{"rendered":"Derbide saha d\u0131\u015f\u0131nda Sadettin Saran imzas\u0131!"},"content":{"rendered":"<div>Fenerbah\u00e7e, Galatasaray derbisine kupan\u0131n yan\u0131 s\u0131ra tertip yetene\u011fi ile de damga vurdu.<\/p>\n<p> Olimpiyat Stad\u0131&#8217;nda 35 bin ya\u011fmurluk, 35 bin k\u00fc\u00e7\u00fck F.Bah\u00e7e bayra\u011f\u0131 ve bin b\u00fcy\u00fck bayrak da\u011f\u0131t\u0131ld\u0131.<\/p>\n<p> Sar\u0131-lacivertli kul\u00fcp toplamda 15 milyon TL&#8217;lik maliyetin alt\u0131na girdi. Bu maliyetin tamam\u0131n\u0131 Ba\u015fkan<br \/>Sadettin Saran kar\u015f\u0131lad\u0131. Fikir ve tertibin sahibi ise y\u00f6netim kurulu \u00fcyesi Adem K\u00f6z oldu. <\/p>\n<p> K\u00f6z, &#8220;Bu i\u015f tek bir ki\u015finin de\u011fil; ya\u011fmurda, so\u011fukta F.Bah\u00e7e i\u00e7in orada olan 35 bin y\u00fcre\u011fin, hudut tan\u0131mayan trib\u00fcn i\u015f\u00e7ilerinin ve birlikte hareket eden b\u00fcy\u00fck bir grubun i\u015fiydi. Benim i\u00e7in as\u0131l k\u0131y metli olan, taraftar\u0131m\u0131z\u0131n kendini yaln\u0131z hissetmemesi ve F.Bah\u00e7e duru\u015funun trib\u00fcnde hissedilmesiydi. Harika Kupa&#8217;da daima birlikte ba\u015fard\u0131k, daha ho\u015flar\u0131n\u0131 yeniden birlikte yapaca\u011f\u0131z&#8221; diye konu\u015ftu.\u00a0<\/p>\n<\/div>\n","protected":false},"excerpt":{"rendered":"<p>Fenerbah\u00e7e, Galatasaray derbisinde Sadettin Saran&#8217;\u0131n takviyesiyle yap\u0131lan trib\u00fcn tertibiyle birlik ve g\u00fcc\u00fcn\u00fc bir kere daha g\u00f6sterdi.<\/p>\n","protected":false},"author":1,"featured_media":48696,"comment_status":"open","ping_status":"open","sticky":false,"template":"","format":"standard","meta":{"footnotes":""},"categories":[25],"tags":[],"class_list":["post-48695","post","type-post","status-publish","format-standard","has-post-thumbnail","hentry","category-futbol"],"_links":{"self":[{"href":"https:\/\/haberbesiktas.tr\/index.php?rest_route=\/wp\/v2\/posts\/48695","targetHints":{"allow":["GET"]}}],"collection":[{"href":"https:\/\/haberbesiktas.tr\/index.php?rest_route=\/wp\/v2\/posts"}],"about":[{"href":"https:\/\/haberbesiktas.tr\/index.php?rest_route=\/wp\/v2\/types\/post"}],"author":[{"embeddable":true,"href":"https:\/\/haberbesiktas.tr\/index.php?rest_route=\/wp\/v2\/users\/1"}],"replies":[{"embeddable":true,"href":"https:\/\/haberbesiktas.tr\/index.php?rest_route=%2Fwp%2Fv2%2Fcomments&post=48695"}],"version-history":[{"count":1,"href":"https:\/\/haberbesiktas.tr\/index.php?rest_route=\/wp\/v2\/posts\/48695\/revisions"}],"predecessor-version":[{"id":48697,"href":"https:\/\/haberbesiktas.tr\/index.php?rest_route=\/wp\/v2\/posts\/48695\/revisions\/48697"}],"wp:featuredmedia":[{"embeddable":true,"href":"https:\/\/haberbesiktas.tr\/index.php?rest_route=\/wp\/v2\/media\/48696"}],"wp:attachment":[{"href":"https:\/\/haberbesiktas.tr\/index.php?rest_route=%2Fwp%2Fv2%2Fmedia&parent=48695"}],"wp:term":[{"taxonomy":"category","embeddable":true,"href":"https:\/\/haberbesiktas.tr\/index.php?rest_route=%2Fwp%2Fv2%2Fcategories&post=48695"},{"taxonomy":"post_tag","embeddable":true,"href":"https:\/\/haberbesiktas.tr\/index.php?rest_route=%2Fwp%2Fv2%2Ftags&post=48695"}],"curies":[{"name":"wp","href":"https:\/\/api.w.org\/{rel}","templated":true}]}}