{"id":48698,"date":"2026-01-12T11:36:04","date_gmt":"2026-01-12T11:36:04","guid":{"rendered":"https:\/\/haberbesiktas.tr\/?p=48698"},"modified":"2026-01-12T11:36:04","modified_gmt":"2026-01-12T11:36:04","slug":"besiktasin-abraham-karari-ya-30-ya-yokuz","status":"publish","type":"post","link":"https:\/\/haberbesiktas.tr\/?p=48698","title":{"rendered":"Be\u015fikta\u015f&#8217;\u0131n Abraham karar\u0131: &#8220;Ya 30 ya yokuz!&#8221;"},"content":{"rendered":"<div>Be\u015fikta\u015f tak\u0131m\u0131n\u0131 g\u00fc\u00e7lendirmeye \u00e7al\u0131\u015f\u0131rken, elindeki y\u0131ld\u0131zlardan birini kaybetme tehlikesiyle kar\u015f\u0131 kar\u015f\u0131ya&#8230;<\/p>\n<p> Siyah-beyazl\u0131lar\u0131n d\u00f6nem ba\u015f\u0131nda Roma&#8217;dan 2 milyon Euro kiralama ve 13 milyon Euro da mecbur\u00ee sat\u0131n alma opsiyonuyla transfer etti\u011fi Tammy Abraham&#8217;a Premier Lig tak\u0131m\u0131 Aston Villa talip oldu.<\/p>\n<p> <strong>&#8220;YA 30, YA YOKUZ&#8221;<\/strong> <\/p>\n<p> \u0130ngiliz grubunun 20 milyon Euro&#8217;yu g\u00f6zden \u00e7\u0131kard\u0131\u011f\u0131 belirtilirken, Be\u015fikta\u015f idaresinin tutumu net.<\/p>\n<p> 2029 y\u0131l\u0131na kadar kontrat\u0131 bulunan Abraham&#8217;a yaln\u0131zca 30 milyon Euro&#8217;luk h\u00fcr kalma bedeli \u00f6denmesi halinde m\u00fcsaade verilecek. Bu say\u0131n\u0131n alt\u0131ndaki teklifler kabul edilmeyecek.<\/p>\n<p> <strong>24 MA\u00c7TA 12 GOL VE 3 AS\u0130ST<\/strong><\/p>\n<p> Siyah-beyazl\u0131 formayla 24 ma\u00e7a \u00e7\u0131kan 28 ya\u015f\u0131ndaki forvet 12 gol atarken, 3 de asist yapt\u0131.\u00a0<\/p>\n<\/div>\n","protected":false},"excerpt":{"rendered":"<p>Be\u015fikta\u015f, Tammy Abraham&#8217;\u0131 isteyen Aston Villa&#8217;n\u0131n teklifine ra\u011fmen tutumunu net olarak koydu.<\/p>\n","protected":false},"author":1,"featured_media":48699,"comment_status":"open","ping_status":"open","sticky":false,"template":"","format":"standard","meta":{"footnotes":""},"categories":[25],"tags":[],"class_list":["post-48698","post","type-post","status-publish","format-standard","has-post-thumbnail","hentry","category-futbol"],"_links":{"self":[{"href":"https:\/\/haberbesiktas.tr\/index.php?rest_route=\/wp\/v2\/posts\/48698","targetHints":{"allow":["GET"]}}],"collection":[{"href":"https:\/\/haberbesiktas.tr\/index.php?rest_route=\/wp\/v2\/posts"}],"about":[{"href":"https:\/\/haberbesiktas.tr\/index.php?rest_route=\/wp\/v2\/types\/post"}],"author":[{"embeddable":true,"href":"https:\/\/haberbesiktas.tr\/index.php?rest_route=\/wp\/v2\/users\/1"}],"replies":[{"embeddable":true,"href":"https:\/\/haberbesiktas.tr\/index.php?rest_route=%2Fwp%2Fv2%2Fcomments&post=48698"}],"version-history":[{"count":1,"href":"https:\/\/haberbesiktas.tr\/index.php?rest_route=\/wp\/v2\/posts\/48698\/revisions"}],"predecessor-version":[{"id":48700,"href":"https:\/\/haberbesiktas.tr\/index.php?rest_route=\/wp\/v2\/posts\/48698\/revisions\/48700"}],"wp:featuredmedia":[{"embeddable":true,"href":"https:\/\/haberbesiktas.tr\/index.php?rest_route=\/wp\/v2\/media\/48699"}],"wp:attachment":[{"href":"https:\/\/haberbesiktas.tr\/index.php?rest_route=%2Fwp%2Fv2%2Fmedia&parent=48698"}],"wp:term":[{"taxonomy":"category","embeddable":true,"href":"https:\/\/haberbesiktas.tr\/index.php?rest_route=%2Fwp%2Fv2%2Fcategories&post=48698"},{"taxonomy":"post_tag","embeddable":true,"href":"https:\/\/haberbesiktas.tr\/index.php?rest_route=%2Fwp%2Fv2%2Ftags&post=48698"}],"curies":[{"name":"wp","href":"https:\/\/api.w.org\/{rel}","templated":true}]}}