{"id":48701,"date":"2026-01-12T11:48:05","date_gmt":"2026-01-12T11:48:05","guid":{"rendered":"https:\/\/haberbesiktas.tr\/?p=48701"},"modified":"2026-01-12T11:48:05","modified_gmt":"2026-01-12T11:48:05","slug":"besiktastan-ayrilan-paulista-yeni-takimina-imzayi-atti","status":"publish","type":"post","link":"https:\/\/haberbesiktas.tr\/?p=48701","title":{"rendered":"Be\u015fikta\u015f&#8217;tan ayr\u0131lan Paulista, yeni tak\u0131m\u0131na imzay\u0131 att\u0131"},"content":{"rendered":"<div>Ailevi nedenler m\u00fcnasebetiyle Be\u015fikta\u015f ile yollar\u0131n\u0131 ay\u0131ran Gabriel Paulista&#8217;n\u0131n yeni ekibi resmen muhakkak oldu.<\/p>\n<p> Brezilya&#8217;n\u0131n Corinthians kul\u00fcb\u00fc, Paulista ile 31 Aral\u0131k 2027&#8217;ya kadar ge\u00e7erli bir kontrat imzaland\u0131\u011f\u0131n\u0131 duyurdu.<\/p>\n<p> Siyah beyazl\u0131 kul\u00fcpten yap\u0131lan a\u00e7\u0131klamada, deneyimli oyuncunun yeni kadro arkada\u015flar\u0131yla \u00e7al\u0131\u015ft\u0131\u011f\u0131 ve bug\u00fcn birinci idman\u0131na \u00e7\u0131kaca\u011f\u0131 belirtildi.<\/p>\n<p> <strong>BE\u015e\u0130KTA\u015e&#8217;TA 45 MA\u00c7<\/strong><\/p>\n<p> Mesle\u011finde Villarreal, Arsenal, Valencia ve Atletico Madrid \u00fczere kadrolar da bulunan 35 ya\u015f\u0131ndaki stoper, Be\u015fikta\u015f&#8217;ta ge\u00e7irdi\u011fi 1.5 y\u0131l boyunca 45 ma\u00e7ta forma giydi ve 1 gol, 3 asistlik performans sergiledi.<\/p>\n<\/div>\n","protected":false},"excerpt":{"rendered":"<p>Corinthians, Be\u015fikta\u015f&#8217;tan ayr\u0131lan Gabriel Paulista&#8217;y\u0131 tak\u0131m\u0131na katt\u0131\u011f\u0131n\u0131 a\u00e7\u0131klad\u0131.<\/p>\n","protected":false},"author":1,"featured_media":48702,"comment_status":"open","ping_status":"open","sticky":false,"template":"","format":"standard","meta":{"footnotes":""},"categories":[25],"tags":[],"class_list":["post-48701","post","type-post","status-publish","format-standard","has-post-thumbnail","hentry","category-futbol"],"_links":{"self":[{"href":"https:\/\/haberbesiktas.tr\/index.php?rest_route=\/wp\/v2\/posts\/48701","targetHints":{"allow":["GET"]}}],"collection":[{"href":"https:\/\/haberbesiktas.tr\/index.php?rest_route=\/wp\/v2\/posts"}],"about":[{"href":"https:\/\/haberbesiktas.tr\/index.php?rest_route=\/wp\/v2\/types\/post"}],"author":[{"embeddable":true,"href":"https:\/\/haberbesiktas.tr\/index.php?rest_route=\/wp\/v2\/users\/1"}],"replies":[{"embeddable":true,"href":"https:\/\/haberbesiktas.tr\/index.php?rest_route=%2Fwp%2Fv2%2Fcomments&post=48701"}],"version-history":[{"count":1,"href":"https:\/\/haberbesiktas.tr\/index.php?rest_route=\/wp\/v2\/posts\/48701\/revisions"}],"predecessor-version":[{"id":48703,"href":"https:\/\/haberbesiktas.tr\/index.php?rest_route=\/wp\/v2\/posts\/48701\/revisions\/48703"}],"wp:featuredmedia":[{"embeddable":true,"href":"https:\/\/haberbesiktas.tr\/index.php?rest_route=\/wp\/v2\/media\/48702"}],"wp:attachment":[{"href":"https:\/\/haberbesiktas.tr\/index.php?rest_route=%2Fwp%2Fv2%2Fmedia&parent=48701"}],"wp:term":[{"taxonomy":"category","embeddable":true,"href":"https:\/\/haberbesiktas.tr\/index.php?rest_route=%2Fwp%2Fv2%2Fcategories&post=48701"},{"taxonomy":"post_tag","embeddable":true,"href":"https:\/\/haberbesiktas.tr\/index.php?rest_route=%2Fwp%2Fv2%2Ftags&post=48701"}],"curies":[{"name":"wp","href":"https:\/\/api.w.org\/{rel}","templated":true}]}}