{"id":48707,"date":"2026-01-12T12:12:04","date_gmt":"2026-01-12T12:12:04","guid":{"rendered":"https:\/\/haberbesiktas.tr\/?p=48707"},"modified":"2026-01-12T12:12:04","modified_gmt":"2026-01-12T12:12:04","slug":"galatasarayda-buyuk-cile","status":"publish","type":"post","link":"https:\/\/haberbesiktas.tr\/?p=48707","title":{"rendered":"Galatasaray&#8217;da b\u00fcy\u00fck \u00e7ile!"},"content":{"rendered":"<div>Atat\u00fcrk Olimpiyat Stad\u0131&#8217;ndaki Muhte\u015fem Kupa finalinde grubu Galatasaray&#8217;\u0131 desteklemeye giden taraftar b\u00fcy\u00fck ezalar ya\u015fad\u0131.<\/p>\n<p> Taraftar\u0131n y\u00f6nlendirildi\u011fi stada \u00e7\u0131kan yol kilitlendi! 17.00&#8217;de yan yolda olan Galatasaray taraftar\u0131 ara\u00e7lar\u0131n\u0131 b\u0131rak\u0131p y\u00fcr\u00fcyerek 18.50&#8217;de fakat Olimpiyat Stad\u0131&#8217;na giri\u015f yapabildi. Yakla\u015f\u0131k 2 bin 100 Galatasaray taraftar\u0131 bileti olmas\u0131na kar\u015f\u0131n stada gidemedi ya da ya\u015fanan zorluk sebebiyle vazge\u00e7ti! Bir de idarenin ya\u011fmurluk tercihi de can s\u0131kt\u0131.<\/p>\n<p> Y\u00f6netici Bora Bah\u00e7etepe&#8217;nin organize etti\u011fi ve taraftara da\u011f\u0131t\u0131lan k\u0131rm\u0131z\u0131 ya\u011fmurluklar\u0131n kalitesiz ve ucuz olmas\u0131 b\u00fcy\u00fck tenkit ald\u0131. <\/p>\n<p> <strong>DURSUN \u00d6ZBEK \u00d6Z\u00dcR D\u0130LED\u0130<\/strong><\/p>\n<p> Galatasaray Ba\u015fkan\u0131 Dursun \u00d6zbek, ya\u015fananlarla ilgili pazar g\u00fcn\u00fc bir a\u00e7\u0131klama yapt\u0131 ve \u00f6z\u00fcr diledi.<\/p>\n<p> Dursun \u00d6zbek, <strong>&#8220;\u00d6ncelikle tertip kapsam\u0131nda, mak\u00fbs hava \u015fartlar\u0131 nedeniyle taraftarlar\u0131m\u0131za da\u011f\u0131t\u0131lan ya\u011fmurluklarla ilgili ya\u015fanan memnuniyetsizlik i\u00e7in samimi bi\u00e7imde \u00f6z\u00fcr diliyorum. Ortaya \u00e7\u0131kan imaj Galatasaray&#8217;a yak\u0131\u015fan bir hassasiyeti yans\u0131tmam\u0131\u015ft\u0131r. Bu sorumluluk bize aittir ve \u00f6n\u00fcm\u00fczdeki periyotta bu tip meseleler ya\u015fanmayacakt\u0131r.&#8221;<\/strong> s\u00f6zlerini kulland\u0131.<\/p>\n<\/div>\n","protected":false},"excerpt":{"rendered":"<p>Galatasarayl\u0131 taraftarlar, Atat\u00fcrk Olimpiyat Stadyumu&#8217;nda Fenerbah\u00e7e&#8217;ye kar\u015f\u0131 oynanan Muhte\u015fem Kupa finalinde b\u00fcy\u00fck dert ya\u015fad\u0131.<\/p>\n","protected":false},"author":1,"featured_media":48708,"comment_status":"open","ping_status":"open","sticky":false,"template":"","format":"standard","meta":{"footnotes":""},"categories":[25],"tags":[129,504],"class_list":["post-48707","post","type-post","status-publish","format-standard","has-post-thumbnail","hentry","category-futbol","tag-galatasaray","tag-taraftar"],"_links":{"self":[{"href":"https:\/\/haberbesiktas.tr\/index.php?rest_route=\/wp\/v2\/posts\/48707","targetHints":{"allow":["GET"]}}],"collection":[{"href":"https:\/\/haberbesiktas.tr\/index.php?rest_route=\/wp\/v2\/posts"}],"about":[{"href":"https:\/\/haberbesiktas.tr\/index.php?rest_route=\/wp\/v2\/types\/post"}],"author":[{"embeddable":true,"href":"https:\/\/haberbesiktas.tr\/index.php?rest_route=\/wp\/v2\/users\/1"}],"replies":[{"embeddable":true,"href":"https:\/\/haberbesiktas.tr\/index.php?rest_route=%2Fwp%2Fv2%2Fcomments&post=48707"}],"version-history":[{"count":1,"href":"https:\/\/haberbesiktas.tr\/index.php?rest_route=\/wp\/v2\/posts\/48707\/revisions"}],"predecessor-version":[{"id":48709,"href":"https:\/\/haberbesiktas.tr\/index.php?rest_route=\/wp\/v2\/posts\/48707\/revisions\/48709"}],"wp:featuredmedia":[{"embeddable":true,"href":"https:\/\/haberbesiktas.tr\/index.php?rest_route=\/wp\/v2\/media\/48708"}],"wp:attachment":[{"href":"https:\/\/haberbesiktas.tr\/index.php?rest_route=%2Fwp%2Fv2%2Fmedia&parent=48707"}],"wp:term":[{"taxonomy":"category","embeddable":true,"href":"https:\/\/haberbesiktas.tr\/index.php?rest_route=%2Fwp%2Fv2%2Fcategories&post=48707"},{"taxonomy":"post_tag","embeddable":true,"href":"https:\/\/haberbesiktas.tr\/index.php?rest_route=%2Fwp%2Fv2%2Ftags&post=48707"}],"curies":[{"name":"wp","href":"https:\/\/api.w.org\/{rel}","templated":true}]}}