{"id":4876,"date":"2025-01-20T03:23:57","date_gmt":"2025-01-20T03:23:57","guid":{"rendered":"https:\/\/haberbesiktas.tr\/?p=4876"},"modified":"2025-01-20T03:23:57","modified_gmt":"2025-01-20T03:23:57","slug":"hakan-calhanoglu-bir-kez-daha-sakatlik-yasadi","status":"publish","type":"post","link":"https:\/\/haberbesiktas.tr\/?p=4876","title":{"rendered":"Hakan \u00c7alhano\u011flu bir kez daha sakatl\u0131k ya\u015fad\u0131"},"content":{"rendered":"<div>Inter&#8217;de forma giyen ulusal futbolcu Hakan \u00c7alhano\u011flu, sakatl\u0131\u011f\u0131 sebebiyle Bologna ma\u00e7\u0131nda forma giyemeyecek.<\/p>\n<p>Tutto Mercato&#8217;nun haberine nazaran;\u00a0<span>Hakan \u00c7alhano\u011flu bald\u0131r\u0131nda, Venezia ma\u00e7\u0131nda oynamas\u0131na mahzur olan uyluk gerginli\u011finden farkl\u0131 bir rahats\u0131zl\u0131k hissetti. <\/span><\/p>\n<p>Habere nazaran; m<span>illi oyuncu s\u0131hhat denetimlerinden ge\u00e7ecek ve Bologna ma\u00e7\u0131n\u0131 ka\u00e7\u0131racak.<\/p>\n<p>30 ya\u015f\u0131ndaki oyuncu, bu d\u00f6nem Inter formas\u0131yla \u00e7\u0131kt\u0131\u011f\u0131 21 ma\u00e7ta 6 gol 2 asistlik performans g\u00f6sterdi.<\/span><\/div>\n","protected":false},"excerpt":{"rendered":"<p>Inter&#8217;de forma giyen ulusal futbolcu Hakan \u00c7alhano\u011flu, sakatl\u0131\u011f\u0131 sebebiyle Bologna ma\u00e7\u0131nda forma giyemeyecek.<\/p>\n","protected":false},"author":1,"featured_media":4877,"comment_status":"open","ping_status":"open","sticky":false,"template":"","format":"standard","meta":{"footnotes":""},"categories":[25],"tags":[],"class_list":["post-4876","post","type-post","status-publish","format-standard","has-post-thumbnail","hentry","category-futbol"],"_links":{"self":[{"href":"https:\/\/haberbesiktas.tr\/index.php?rest_route=\/wp\/v2\/posts\/4876","targetHints":{"allow":["GET"]}}],"collection":[{"href":"https:\/\/haberbesiktas.tr\/index.php?rest_route=\/wp\/v2\/posts"}],"about":[{"href":"https:\/\/haberbesiktas.tr\/index.php?rest_route=\/wp\/v2\/types\/post"}],"author":[{"embeddable":true,"href":"https:\/\/haberbesiktas.tr\/index.php?rest_route=\/wp\/v2\/users\/1"}],"replies":[{"embeddable":true,"href":"https:\/\/haberbesiktas.tr\/index.php?rest_route=%2Fwp%2Fv2%2Fcomments&post=4876"}],"version-history":[{"count":1,"href":"https:\/\/haberbesiktas.tr\/index.php?rest_route=\/wp\/v2\/posts\/4876\/revisions"}],"predecessor-version":[{"id":4878,"href":"https:\/\/haberbesiktas.tr\/index.php?rest_route=\/wp\/v2\/posts\/4876\/revisions\/4878"}],"wp:featuredmedia":[{"embeddable":true,"href":"https:\/\/haberbesiktas.tr\/index.php?rest_route=\/wp\/v2\/media\/4877"}],"wp:attachment":[{"href":"https:\/\/haberbesiktas.tr\/index.php?rest_route=%2Fwp%2Fv2%2Fmedia&parent=4876"}],"wp:term":[{"taxonomy":"category","embeddable":true,"href":"https:\/\/haberbesiktas.tr\/index.php?rest_route=%2Fwp%2Fv2%2Fcategories&post=4876"},{"taxonomy":"post_tag","embeddable":true,"href":"https:\/\/haberbesiktas.tr\/index.php?rest_route=%2Fwp%2Fv2%2Ftags&post=4876"}],"curies":[{"name":"wp","href":"https:\/\/api.w.org\/{rel}","templated":true}]}}