{"id":48789,"date":"2026-01-12T17:24:04","date_gmt":"2026-01-12T17:24:04","guid":{"rendered":"https:\/\/haberbesiktas.tr\/?p=48789"},"modified":"2026-01-12T17:24:04","modified_gmt":"2026-01-12T17:24:04","slug":"milli-atici-eren-kalfanin-hedefi-olimpiyat","status":"publish","type":"post","link":"https:\/\/haberbesiktas.tr\/?p=48789","title":{"rendered":"Milli at\u0131c\u0131 Eren Kalfa&#8217;n\u0131n hedefi olimpiyat"},"content":{"rendered":"<div>\n<div><span>T\u00fcrkiye \u015fampiyonu ve Avrupa \u00fc\u00e7\u00fcnc\u00fcs\u00fc ulusal at\u0131c\u0131 Eren Kalfa, Bulgaristan&#8217;da ger\u00e7ekle\u015ftirilecek Haval\u0131 Silahlar Avrupa \u015eampiyonas\u0131&#8217;nda derece elde edebilmek i\u00e7in haz\u0131rl\u0131klar\u0131n\u0131 s\u00fcrd\u00fcr\u00fcyor.<\/p>\n<p><\/span><\/div>\n<\/p><\/div>\n<div>\n<div> Yakla\u015f\u0131k 5 y\u0131l evvel at\u0131c\u0131l\u0131\u011fa ba\u015flayan Trabzonspor Kul\u00fcb\u00fc sportmeni Kalfa, Mersin&#8217;de bir m\u00fcddet evvel ger\u00e7ekle\u015ftirilen Haval\u0131 Silahlar Tabanca Avrupa \u015eampiyonalar\u0131 Ulusal Ekip Se\u00e7me Kar\u015f\u0131la\u015fmalar\u0131&#8217;nda U18 Ulusal Ekibi baraj puan\u0131n\u0131 ge\u00e7erek ikinci oldu.<\/p>\n<p> Ald\u0131\u011f\u0131 derece ile Avrupa \u015eampiyonas\u0131&#8217;na kat\u0131lma hakk\u0131 kazanan Kalfa, 29 Ocak-2 \u015eubat&#8217;ta Ankara&#8217;da d\u00fczenlenecek Ulusal Grup kamp\u0131na kat\u0131lacak.<\/p>\n<p> Yeni muvaffakiyetler elde etmek i\u00e7in \u00e7al\u0131\u015fmalar\u0131n\u0131 s\u00fcrd\u00fcren Kalfa, haftan\u0131n 5 g\u00fcn\u00fc idman yapt\u0131\u011f\u0131n\u0131 s\u00f6yledi. <\/p>\n<p> Puan baz\u0131nda de\u011fil, teknik olarak \u00e7al\u0131\u015ft\u0131\u011f\u0131n\u0131 belirten Kalfa, <strong>&#8220;Puan baz\u0131nda oldu\u011fu vakit b\u00fct\u00fcn beden olarak her \u015feye dikkat edilerek at\u0131l\u0131yor. Lakin teknik oldu\u011fu vakit tek bir \u015feye, teti\u011fe odaklan\u0131yoruz, tetik \u00e7al\u0131\u015f\u0131yoruz.&#8221;<\/strong> dedi.<\/p>\n<p> \u00a0<\/p>\n<p> <strong>&#8220;\u015eu anda \u00f6n\u00fcm\u00fczde Avrupa kar\u015f\u0131la\u015fmas\u0131 var&#8221;<\/p>\n<p><\/strong><\/p>\n<p> En b\u00fcy\u00fck hayalinin olimpiyatlarda yar\u0131\u015fmak oldu\u011funu lisana getiren Kalfa, kelamlar\u0131n\u0131 \u015f\u00f6yle s\u00fcrd\u00fcrd\u00fc:<\/p>\n<p> <strong>&#8220;Ferdi ve kadro olarak Avrupa \u00fc\u00e7\u00fcnc\u00fcs\u00fc olduk. T\u00fcrkiye&#8217;de \u015fampiyonluklar\u0131m, ikinciliklerim, \u00fc\u00e7\u00fcnc\u00fcl\u00fcklerim var. Daha \u00f6ncesinde t\u00fcfek atm\u0131\u015ft\u0131m, onda da yeniden derecelerim var. Gayem olimpiyatlara kat\u0131lmak. Benim i\u00e7in b\u00fcy\u00fck bir maksat fakat mutlaka yapaca\u011f\u0131m. \u015eu anda \u00f6n\u00fcm\u00fczde Avrupa kar\u015f\u0131la\u015fmas\u0131 var.&#8221;<\/p>\n<p><\/strong><\/p>\n<p> Kalfa, Yusuf Dike\u00e7 \u00fczere ba\u015far\u0131l\u0131 bir sportmen olmak istedi\u011fini de kelamlar\u0131na ekledi.<\/p>\n<p> Antren\u00f6r Tu\u011fba \u00c7abuk ise Eren Kalfa ile yeni muvaffakiyetler elde etmek i\u00e7in \u00e7al\u0131\u015fmalar\u0131n\u0131 s\u00fcrd\u00fcrd\u00fcklerini s\u00f6yledi.<\/p>\n<p> Eren&#8217;in daha evvel ate\u015fli silahlar at\u0131c\u0131s\u0131 oldu\u011funu, orada da muvaffakiyetler elde etti\u011fine de\u011finen \u00c7abuk, <strong>&#8220;M\u00fcsabaka idaresi uygun olan atletlerimizi se\u00e7erek y\u00f6nlendiriyoruz. Federasyon kar\u015f\u0131la\u015fmalar\u0131 ve okul s\u00fcre\u00e7leri derken s\u00fcre\u00e7 bu formda ilerliyor. Toplamda 35 \u00f6\u011frencimiz var. \u0130steyerek ve severek gelen her atlet ba\u015far\u0131l\u0131 olur.&#8221;<\/strong> diye konu\u015ftu.<\/p><\/div>\n<\/p><\/div>\n","protected":false},"excerpt":{"rendered":"<p>T\u00fcrkiye \u015fampiyonu ve Avrupa \u00fc\u00e7\u00fcnc\u00fcs\u00fc ulusal sportmen, Bulgaristan&#8217;da d\u00fczenlenecek Haval\u0131 Silahlar Avrupa \u015eampiyonas\u0131 i\u00e7in \u00e7al\u0131\u015fmalar\u0131n\u0131 s\u00fcrd\u00fcr\u00fcyor<\/p>\n","protected":false},"author":1,"featured_media":48790,"comment_status":"open","ping_status":"open","sticky":false,"template":"","format":"standard","meta":{"footnotes":""},"categories":[27],"tags":[205,3692],"class_list":["post-48789","post","type-post","status-publish","format-standard","has-post-thumbnail","hentry","category-guncel-haberler","tag-avrupa","tag-kalfa"],"_links":{"self":[{"href":"https:\/\/haberbesiktas.tr\/index.php?rest_route=\/wp\/v2\/posts\/48789","targetHints":{"allow":["GET"]}}],"collection":[{"href":"https:\/\/haberbesiktas.tr\/index.php?rest_route=\/wp\/v2\/posts"}],"about":[{"href":"https:\/\/haberbesiktas.tr\/index.php?rest_route=\/wp\/v2\/types\/post"}],"author":[{"embeddable":true,"href":"https:\/\/haberbesiktas.tr\/index.php?rest_route=\/wp\/v2\/users\/1"}],"replies":[{"embeddable":true,"href":"https:\/\/haberbesiktas.tr\/index.php?rest_route=%2Fwp%2Fv2%2Fcomments&post=48789"}],"version-history":[{"count":1,"href":"https:\/\/haberbesiktas.tr\/index.php?rest_route=\/wp\/v2\/posts\/48789\/revisions"}],"predecessor-version":[{"id":48791,"href":"https:\/\/haberbesiktas.tr\/index.php?rest_route=\/wp\/v2\/posts\/48789\/revisions\/48791"}],"wp:featuredmedia":[{"embeddable":true,"href":"https:\/\/haberbesiktas.tr\/index.php?rest_route=\/wp\/v2\/media\/48790"}],"wp:attachment":[{"href":"https:\/\/haberbesiktas.tr\/index.php?rest_route=%2Fwp%2Fv2%2Fmedia&parent=48789"}],"wp:term":[{"taxonomy":"category","embeddable":true,"href":"https:\/\/haberbesiktas.tr\/index.php?rest_route=%2Fwp%2Fv2%2Fcategories&post=48789"},{"taxonomy":"post_tag","embeddable":true,"href":"https:\/\/haberbesiktas.tr\/index.php?rest_route=%2Fwp%2Fv2%2Ftags&post=48789"}],"curies":[{"name":"wp","href":"https:\/\/api.w.org\/{rel}","templated":true}]}}