{"id":48819,"date":"2026-01-12T19:24:04","date_gmt":"2026-01-12T19:24:04","guid":{"rendered":"https:\/\/haberbesiktas.tr\/?p=48819"},"modified":"2026-01-12T19:24:04","modified_gmt":"2026-01-12T19:24:04","slug":"fenerbahce-medicana-kovaci-gonderdi","status":"publish","type":"post","link":"https:\/\/haberbesiktas.tr\/?p=48819","title":{"rendered":"Fenerbah\u00e7e Medicana, Kovac&#8217;\u0131 g\u00f6nderdi"},"content":{"rendered":"<p>Fenerbah\u00e7e Kul\u00fcb\u00fc, erkek voleybol grubunda bu d\u00f6nem al\u0131nan sonu\u00e7lar sonras\u0131 ba\u015fantren\u00f6r Slobodan Kovac ile yollar\u0131n\u0131 ay\u0131rd\u0131.<\/p>\n<p> Son olarak ligde Ziraat Bankkart&#8217;a 3-0 kaybeden ve ligde 6. s\u0131raya inen Fenerbah\u00e7e&#8217;de Kovac ile yollar\u0131n kar\u015f\u0131l\u0131k muahede sonucu ayr\u0131ld\u0131\u011f\u0131 da belirtildi.<\/p>\n<p> <strong>\u0130\u015fte Fenerbah\u00e7e&#8217;den yap\u0131lan a\u00e7\u0131klama:<\/strong> <\/p>\n<p> &#8220;Fenerbah\u00e7e Medicana Erkek Voleybol Ekibimizin Ba\u015fantren\u00f6rl\u00fc\u011f\u00fc misyonunu y\u00fcr\u00fcten, birebir vakitte A Ulusal Ekibimizin da teknik y\u00f6neticisi olan Say\u0131n Slobodan Kovac ile kar\u015f\u0131l\u0131kl\u0131 anla\u015farak yollar\u0131m\u0131z\u0131 ay\u0131rm\u0131\u015f bulunmaktay\u0131z.<\/p>\n<p> Profesyonel sporun tabiat\u0131 gere\u011fi kul\u00fcpler vakit zaman yeni yap\u0131lanmalara y\u00f6nelir. Bu karar, hocam\u0131z\u0131n antren\u00f6rl\u00fck kalitesine ve T\u00fcrk voleyboluna katt\u0131\u011f\u0131 bedellere duydu\u011fumuz sayg\u0131y\u0131 asla g\u00f6lgelememektedir.<\/p>\n<p> Ulusal Kadromuzun ba\u015far\u0131s\u0131 hepimizin ortak paydas\u0131d\u0131r.<\/p>\n<p> Say\u0131n Slobodan Kovac&#8217;\u0131n Ay-Y\u0131ld\u0131zl\u0131 armam\u0131z alt\u0131nda \u00fclkemize ya\u015fatt\u0131\u011f\u0131 ve ya\u015fataca\u011f\u0131 muvaffakiyetler, her t\u00fcrl\u00fc kul\u00fcp rekabetinin \u00fczerindedir.<\/p>\n<p> Ulusal Ekibimizin ba\u015f\u0131nda \u00e7\u0131kaca\u011f\u0131 her kar\u015f\u0131la\u015fmada kendisinin en b\u00fcy\u00fck destek\u00e7ilerinden biri olmaya devam edece\u011fiz.<\/p>\n<p> Bu s\u00fcreci, Federasyonumuzun ve Ulusal Kadromuzun gayelerine ziyan vermeyecek formda; \u015feffaf, yapan ve sorumluluk \u015fuuruyla y\u00f6netti\u011fimizi bilhassa vurgulamak isteriz.<\/p>\n<p> Say\u0131n Slobodan Kovac&#8217;a kul\u00fcb\u00fcm\u00fcze verdi\u011fi emekler i\u00e7in te\u015fekk\u00fcr ediyor; Ulusal Kadromuzla kat\u0131laca\u011f\u0131 turnuvalarda ve bundan sonraki mesle\u011finde kendisine muvaffakiyetler diliyoruz.&#8221;<\/p>\n","protected":false},"excerpt":{"rendered":"<p>Fenerbah\u00e7e Medicana Erkek Voleybol Kadrosu, ba\u015fantren\u00f6r Slobodan Kovac ile yollar\u0131n\u0131 ay\u0131rd\u0131\u011f\u0131n\u0131 a\u00e7\u0131klad\u0131.<\/p>\n","protected":false},"author":1,"featured_media":48820,"comment_status":"open","ping_status":"open","sticky":false,"template":"","format":"standard","meta":{"footnotes":""},"categories":[39],"tags":[851,270,3696],"class_list":["post-48819","post","type-post","status-publish","format-standard","has-post-thumbnail","hentry","category-voleybol","tag-kovac","tag-milli","tag-takimimizin"],"_links":{"self":[{"href":"https:\/\/haberbesiktas.tr\/index.php?rest_route=\/wp\/v2\/posts\/48819","targetHints":{"allow":["GET"]}}],"collection":[{"href":"https:\/\/haberbesiktas.tr\/index.php?rest_route=\/wp\/v2\/posts"}],"about":[{"href":"https:\/\/haberbesiktas.tr\/index.php?rest_route=\/wp\/v2\/types\/post"}],"author":[{"embeddable":true,"href":"https:\/\/haberbesiktas.tr\/index.php?rest_route=\/wp\/v2\/users\/1"}],"replies":[{"embeddable":true,"href":"https:\/\/haberbesiktas.tr\/index.php?rest_route=%2Fwp%2Fv2%2Fcomments&post=48819"}],"version-history":[{"count":1,"href":"https:\/\/haberbesiktas.tr\/index.php?rest_route=\/wp\/v2\/posts\/48819\/revisions"}],"predecessor-version":[{"id":48821,"href":"https:\/\/haberbesiktas.tr\/index.php?rest_route=\/wp\/v2\/posts\/48819\/revisions\/48821"}],"wp:featuredmedia":[{"embeddable":true,"href":"https:\/\/haberbesiktas.tr\/index.php?rest_route=\/wp\/v2\/media\/48820"}],"wp:attachment":[{"href":"https:\/\/haberbesiktas.tr\/index.php?rest_route=%2Fwp%2Fv2%2Fmedia&parent=48819"}],"wp:term":[{"taxonomy":"category","embeddable":true,"href":"https:\/\/haberbesiktas.tr\/index.php?rest_route=%2Fwp%2Fv2%2Fcategories&post=48819"},{"taxonomy":"post_tag","embeddable":true,"href":"https:\/\/haberbesiktas.tr\/index.php?rest_route=%2Fwp%2Fv2%2Ftags&post=48819"}],"curies":[{"name":"wp","href":"https:\/\/api.w.org\/{rel}","templated":true}]}}