{"id":4882,"date":"2025-01-20T04:47:58","date_gmt":"2025-01-20T04:47:58","guid":{"rendered":"https:\/\/haberbesiktas.tr\/?p=4882"},"modified":"2025-01-20T04:47:58","modified_gmt":"2025-01-20T04:47:58","slug":"alex-de-souza-icin-ayrilik-karari","status":"publish","type":"post","link":"https:\/\/haberbesiktas.tr\/?p=4882","title":{"rendered":"Alex de Souza i\u00e7in ayr\u0131l\u0131k karar\u0131!"},"content":{"rendered":"<div>S\u00fcper Lig&#8217;de son olarak Trabzonspor&#8217;a deplasmanda 5-0&#8217;l\u0131k skorla kaybeden Antalyaspor&#8217;da teknik y\u00f6netici Alex de Souza ile yollar ayr\u0131l\u0131yor.<\/p>\n<p> Antalyaspor idaresinin yapt\u0131\u011f\u0131 toplant\u0131 sonras\u0131 teknik y\u00f6netici Alex ile yollar\u0131 ay\u0131rma karar\u0131 ald\u0131\u011f\u0131 \u00f6\u011frenildi.<\/p>\n<p> Brezilyal\u0131 teknik adam i\u00e7in resmi a\u00e7\u0131klaman\u0131n k\u0131sa m\u00fcddet i\u00e7erisinde yap\u0131lmas\u0131 bekleniyor.<\/p>\n<p> Antalyaspor, S\u00fcper Lig&#8217;de oynad\u0131\u011f\u0131 18 ma\u00e7ta toplad\u0131\u011f\u0131 21 puanla 13. s\u0131rada yer al\u0131yor.<\/p>\n<\/div>\n","protected":false},"excerpt":{"rendered":"<p>Antalyaspor, teknik y\u00f6netici Alex de Souza ile yollar\u0131n\u0131 ay\u0131rma karar\u0131 ald\u0131.<\/p>\n","protected":false},"author":1,"featured_media":4883,"comment_status":"open","ping_status":"open","sticky":false,"template":"","format":"standard","meta":{"footnotes":""},"categories":[25],"tags":[],"class_list":["post-4882","post","type-post","status-publish","format-standard","has-post-thumbnail","hentry","category-futbol"],"_links":{"self":[{"href":"https:\/\/haberbesiktas.tr\/index.php?rest_route=\/wp\/v2\/posts\/4882","targetHints":{"allow":["GET"]}}],"collection":[{"href":"https:\/\/haberbesiktas.tr\/index.php?rest_route=\/wp\/v2\/posts"}],"about":[{"href":"https:\/\/haberbesiktas.tr\/index.php?rest_route=\/wp\/v2\/types\/post"}],"author":[{"embeddable":true,"href":"https:\/\/haberbesiktas.tr\/index.php?rest_route=\/wp\/v2\/users\/1"}],"replies":[{"embeddable":true,"href":"https:\/\/haberbesiktas.tr\/index.php?rest_route=%2Fwp%2Fv2%2Fcomments&post=4882"}],"version-history":[{"count":1,"href":"https:\/\/haberbesiktas.tr\/index.php?rest_route=\/wp\/v2\/posts\/4882\/revisions"}],"predecessor-version":[{"id":4884,"href":"https:\/\/haberbesiktas.tr\/index.php?rest_route=\/wp\/v2\/posts\/4882\/revisions\/4884"}],"wp:featuredmedia":[{"embeddable":true,"href":"https:\/\/haberbesiktas.tr\/index.php?rest_route=\/wp\/v2\/media\/4883"}],"wp:attachment":[{"href":"https:\/\/haberbesiktas.tr\/index.php?rest_route=%2Fwp%2Fv2%2Fmedia&parent=4882"}],"wp:term":[{"taxonomy":"category","embeddable":true,"href":"https:\/\/haberbesiktas.tr\/index.php?rest_route=%2Fwp%2Fv2%2Fcategories&post=4882"},{"taxonomy":"post_tag","embeddable":true,"href":"https:\/\/haberbesiktas.tr\/index.php?rest_route=%2Fwp%2Fv2%2Ftags&post=4882"}],"curies":[{"name":"wp","href":"https:\/\/api.w.org\/{rel}","templated":true}]}}