{"id":4885,"date":"2025-01-20T05:23:59","date_gmt":"2025-01-20T05:23:59","guid":{"rendered":"https:\/\/haberbesiktas.tr\/?p=4885"},"modified":"2025-01-20T05:23:59","modified_gmt":"2025-01-20T05:23:59","slug":"trabzonspora-adryelsondan-kotu-haber","status":"publish","type":"post","link":"https:\/\/haberbesiktas.tr\/?p=4885","title":{"rendered":"Trabzonspor&#8217;a Adryelson&#8217;dan k\u00f6t\u00fc haber"},"content":{"rendered":"<div>Trabzonspor&#8217;un tak\u0131m\u0131na katmak i\u00e7in b\u00fcy\u00fck u\u011fra\u015f verdi\u011fi Adryelson&#8217;dan berbat haber geldi.\u00a0<\/p>\n<p>Brezilyal\u0131 oyuncu, Bel\u00e7ika Pro Lig tak\u0131mlar\u0131ndan Anderlecht&#8217;e transfer oldu.\u00a0<\/p>\n<p>L&#8217;Equipe&#8217;den Hugo Guillemet&#8217;nin haberine nazaran Anderlecht, 5 milyon Euro&#8217;luk sat\u0131n alma opsiyonlu kiral\u0131k transfer konusunda Lyon ile anla\u015ft\u0131.\u00a0<\/p>\n<p><strong>BU D\u00d6NEM ADRYELSON<\/strong><\/p>\n<p>Lyon formas\u0131yla bu yaz sadece 1 dakika m\u00fchlet alabilen 26 ya\u015f\u0131nda oyuncu, d\u00f6nem ba\u015f\u0131nda Botafogo&#8217;ya kiralanm\u0131\u015f, Brezilya&#8217;da liglerin bitimesinin akabinde Lyon&#8217;a geri d\u00f6nm\u00fc\u015ft\u00fc.<\/p><\/div>\n","protected":false},"excerpt":{"rendered":"<p>Adryelson&#8217;dan Trabzonspor&#8217;a mak\u00fbs haber geldi. Brezilyal\u0131 stoper, Anderlecht&#8217;e transfer oldu.<\/p>\n","protected":false},"author":1,"featured_media":4886,"comment_status":"open","ping_status":"open","sticky":false,"template":"","format":"standard","meta":{"footnotes":""},"categories":[25],"tags":[],"class_list":["post-4885","post","type-post","status-publish","format-standard","has-post-thumbnail","hentry","category-futbol"],"_links":{"self":[{"href":"https:\/\/haberbesiktas.tr\/index.php?rest_route=\/wp\/v2\/posts\/4885","targetHints":{"allow":["GET"]}}],"collection":[{"href":"https:\/\/haberbesiktas.tr\/index.php?rest_route=\/wp\/v2\/posts"}],"about":[{"href":"https:\/\/haberbesiktas.tr\/index.php?rest_route=\/wp\/v2\/types\/post"}],"author":[{"embeddable":true,"href":"https:\/\/haberbesiktas.tr\/index.php?rest_route=\/wp\/v2\/users\/1"}],"replies":[{"embeddable":true,"href":"https:\/\/haberbesiktas.tr\/index.php?rest_route=%2Fwp%2Fv2%2Fcomments&post=4885"}],"version-history":[{"count":1,"href":"https:\/\/haberbesiktas.tr\/index.php?rest_route=\/wp\/v2\/posts\/4885\/revisions"}],"predecessor-version":[{"id":4887,"href":"https:\/\/haberbesiktas.tr\/index.php?rest_route=\/wp\/v2\/posts\/4885\/revisions\/4887"}],"wp:featuredmedia":[{"embeddable":true,"href":"https:\/\/haberbesiktas.tr\/index.php?rest_route=\/wp\/v2\/media\/4886"}],"wp:attachment":[{"href":"https:\/\/haberbesiktas.tr\/index.php?rest_route=%2Fwp%2Fv2%2Fmedia&parent=4885"}],"wp:term":[{"taxonomy":"category","embeddable":true,"href":"https:\/\/haberbesiktas.tr\/index.php?rest_route=%2Fwp%2Fv2%2Fcategories&post=4885"},{"taxonomy":"post_tag","embeddable":true,"href":"https:\/\/haberbesiktas.tr\/index.php?rest_route=%2Fwp%2Fv2%2Ftags&post=4885"}],"curies":[{"name":"wp","href":"https:\/\/api.w.org\/{rel}","templated":true}]}}