{"id":48875,"date":"2026-01-12T23:12:05","date_gmt":"2026-01-12T23:12:05","guid":{"rendered":"https:\/\/haberbesiktas.tr\/?p=48875"},"modified":"2026-01-12T23:12:05","modified_gmt":"2026-01-12T23:12:05","slug":"emre-belozoglu-fenerbahceden-ii-transferini-yapiyor","status":"publish","type":"post","link":"https:\/\/haberbesiktas.tr\/?p=48875","title":{"rendered":"Emre Bel\u00f6zo\u011flu, Fenerbah\u00e7e&#8217;den II. transferini yap\u0131yor!"},"content":{"rendered":"<div>Kas\u0131mpa\u015fa, Fenerbah\u00e7e&#8217;den ikinci transferini yapmak istiyor.<\/p>\n<p><strong>YEN\u0130 AMA\u00c7 BECAO<\/strong><\/p>\n<p> Fenerbah\u00e7e&#8217;de tak\u0131m d\u0131\u015f\u0131 kalan \u0130rfan Can Kahveci&#8217;yi kiral\u0131k olarak tak\u0131m\u0131na katan \u0130stanbul tak\u0131m\u0131, sar\u0131-lacivertlilerde bir \u00f6teki isim olan Rodrigo Becao&#8217;yu da g\u00f6z\u00fcne kestirdi.<\/p>\n<p> Kas\u0131mpa\u015fa, Fenerbah\u00e7e formas\u0131 giyen Brezilyal\u0131 savunma oyuncusu Rodrigo Becao ile ilgileniyor. <\/p>\n<p> <strong>EMRE BEL\u00d6ZO\u011eLU ARADI<\/strong><\/p>\n<p> Ertan S\u00fczg\u00fcn&#8217;\u00fcn haberine nazaran, Kas\u0131mpa\u015fa Teknik Y\u00f6neticisi Emre Bel\u00f6zo\u011flu, Rodrigo Becao ile bir g\u00f6r\u00fc\u015fme ger\u00e7ekle\u015ftirdi.<\/p>\n<p> <strong>PLANLARINI ANLATTI<\/strong><\/p>\n<p> Emre Bel\u00f6zo\u011flu, Becao&#8217;ya planlamas\u0131ndaki pahas\u0131n\u0131 \u015fahsen tabir etti.<\/p>\n<p> <strong>T\u00dcRK\u0130YE&#8217;DE KALMAYA SICAK<\/strong><\/p>\n<p> \u0130talya, Brezilya ve Arap yar\u0131madas\u0131ndan gruplar\u0131n ilgilendi\u011fi Becao, d\u00f6nem sonuna kadar oynay\u0131p daha haz\u0131r bir bi\u00e7imde T\u00fcrkiye&#8217;den ayr\u0131lma fikrine s\u0131cak bakmaya ba\u015flad\u0131.<\/p>\n<\/div>\n","protected":false},"excerpt":{"rendered":"<p>Kas\u0131mpa\u015fa Teknik Y\u00f6neticisi Emre Bel\u00f6zo\u011flu, Fenerbah\u00e7e&#8217;de tak\u0131m d\u0131\u015f\u0131 kalan Rodrigo Becao&#8217;yu transfer i\u00e7in arad\u0131. Brezilyal\u0131 futbolcu, T\u00fcrkiye&#8217;de kalmaya s\u0131cak bak\u0131yor.<\/p>\n","protected":false},"author":1,"featured_media":48876,"comment_status":"open","ping_status":"open","sticky":false,"template":"","format":"standard","meta":{"footnotes":""},"categories":[25],"tags":[3704],"class_list":["post-48875","post","type-post","status-publish","format-standard","has-post-thumbnail","hentry","category-futbol","tag-becao"],"_links":{"self":[{"href":"https:\/\/haberbesiktas.tr\/index.php?rest_route=\/wp\/v2\/posts\/48875","targetHints":{"allow":["GET"]}}],"collection":[{"href":"https:\/\/haberbesiktas.tr\/index.php?rest_route=\/wp\/v2\/posts"}],"about":[{"href":"https:\/\/haberbesiktas.tr\/index.php?rest_route=\/wp\/v2\/types\/post"}],"author":[{"embeddable":true,"href":"https:\/\/haberbesiktas.tr\/index.php?rest_route=\/wp\/v2\/users\/1"}],"replies":[{"embeddable":true,"href":"https:\/\/haberbesiktas.tr\/index.php?rest_route=%2Fwp%2Fv2%2Fcomments&post=48875"}],"version-history":[{"count":1,"href":"https:\/\/haberbesiktas.tr\/index.php?rest_route=\/wp\/v2\/posts\/48875\/revisions"}],"predecessor-version":[{"id":48877,"href":"https:\/\/haberbesiktas.tr\/index.php?rest_route=\/wp\/v2\/posts\/48875\/revisions\/48877"}],"wp:featuredmedia":[{"embeddable":true,"href":"https:\/\/haberbesiktas.tr\/index.php?rest_route=\/wp\/v2\/media\/48876"}],"wp:attachment":[{"href":"https:\/\/haberbesiktas.tr\/index.php?rest_route=%2Fwp%2Fv2%2Fmedia&parent=48875"}],"wp:term":[{"taxonomy":"category","embeddable":true,"href":"https:\/\/haberbesiktas.tr\/index.php?rest_route=%2Fwp%2Fv2%2Fcategories&post=48875"},{"taxonomy":"post_tag","embeddable":true,"href":"https:\/\/haberbesiktas.tr\/index.php?rest_route=%2Fwp%2Fv2%2Ftags&post=48875"}],"curies":[{"name":"wp","href":"https:\/\/api.w.org\/{rel}","templated":true}]}}