{"id":48878,"date":"2026-01-12T23:24:06","date_gmt":"2026-01-12T23:24:06","guid":{"rendered":"https:\/\/haberbesiktas.tr\/?p=48878"},"modified":"2026-01-12T23:24:06","modified_gmt":"2026-01-12T23:24:06","slug":"gaziantep-fk-karamba-gassamayi-renklerine-bagladi","status":"publish","type":"post","link":"https:\/\/haberbesiktas.tr\/?p=48878","title":{"rendered":"Gaziantep FK, Karamba Gassama&#8217;y\u0131 renklerine ba\u011flad\u0131"},"content":{"rendered":"<div>\n<div> Trendyol S\u00fcper Lig gruplar\u0131ndan Gaziantep FK, Karamba Gassama&#8217;y\u0131 tak\u0131m\u0131na dahil etti.<\/p>\n<p> Kul\u00fcb\u00fcn a\u00e7\u0131klamas\u0131na nazaran, \u00f6n libero durumunda oynayan 21 ya\u015f\u0131ndaki futbolcu, Arnavutluk Ligi&#8217;nin Dinamo City grubundan transfer edildi.<\/p>\n<p> Yeni transfer Karamba Gassama, kul\u00fcp ba\u015fkan\u0131 Memik Y\u0131lmaz&#8217;\u0131n kat\u0131l\u0131m\u0131yla ger\u00e7ekle\u015ftirilen imza merasiminde 3,5 y\u0131ll\u0131k mukaveleye imza att\u0131.<\/p>\n<p> A\u00e7\u0131klamada, &#8220;Karamba Gassama&#8217;ya kul\u00fcb\u00fcm\u00fcze be\u011fenilen geldin diyor, armam\u0131z alt\u0131nda \u00fcst\u00fcn muvaffakiyetler diliyoruz.&#8221; denildi.<\/p>\n<div>\u00a0<\/div>\n<\/p><\/div>\n<div>\u00a0<\/div>\n<\/div>\n","protected":false},"excerpt":{"rendered":"<p>Gaziantep FK, Arnavutluk grubu FK Dinamo&#8217;dan 21 ya\u015f\u0131ndaki \u00f6n libero Karamba Gassama ile 3.5 y\u0131ll\u0131k kontrat imzalad\u0131.<\/p>\n","protected":false},"author":1,"featured_media":48879,"comment_status":"open","ping_status":"open","sticky":false,"template":"","format":"standard","meta":{"footnotes":""},"categories":[25],"tags":[],"class_list":["post-48878","post","type-post","status-publish","format-standard","has-post-thumbnail","hentry","category-futbol"],"_links":{"self":[{"href":"https:\/\/haberbesiktas.tr\/index.php?rest_route=\/wp\/v2\/posts\/48878","targetHints":{"allow":["GET"]}}],"collection":[{"href":"https:\/\/haberbesiktas.tr\/index.php?rest_route=\/wp\/v2\/posts"}],"about":[{"href":"https:\/\/haberbesiktas.tr\/index.php?rest_route=\/wp\/v2\/types\/post"}],"author":[{"embeddable":true,"href":"https:\/\/haberbesiktas.tr\/index.php?rest_route=\/wp\/v2\/users\/1"}],"replies":[{"embeddable":true,"href":"https:\/\/haberbesiktas.tr\/index.php?rest_route=%2Fwp%2Fv2%2Fcomments&post=48878"}],"version-history":[{"count":1,"href":"https:\/\/haberbesiktas.tr\/index.php?rest_route=\/wp\/v2\/posts\/48878\/revisions"}],"predecessor-version":[{"id":48880,"href":"https:\/\/haberbesiktas.tr\/index.php?rest_route=\/wp\/v2\/posts\/48878\/revisions\/48880"}],"wp:featuredmedia":[{"embeddable":true,"href":"https:\/\/haberbesiktas.tr\/index.php?rest_route=\/wp\/v2\/media\/48879"}],"wp:attachment":[{"href":"https:\/\/haberbesiktas.tr\/index.php?rest_route=%2Fwp%2Fv2%2Fmedia&parent=48878"}],"wp:term":[{"taxonomy":"category","embeddable":true,"href":"https:\/\/haberbesiktas.tr\/index.php?rest_route=%2Fwp%2Fv2%2Fcategories&post=48878"},{"taxonomy":"post_tag","embeddable":true,"href":"https:\/\/haberbesiktas.tr\/index.php?rest_route=%2Fwp%2Fv2%2Ftags&post=48878"}],"curies":[{"name":"wp","href":"https:\/\/api.w.org\/{rel}","templated":true}]}}