{"id":4888,"date":"2025-01-20T05:35:56","date_gmt":"2025-01-20T05:35:56","guid":{"rendered":"https:\/\/haberbesiktas.tr\/?p=4888"},"modified":"2025-01-20T05:35:56","modified_gmt":"2025-01-20T05:35:56","slug":"kyle-walker-milandan-4-milyon-euro-istedi","status":"publish","type":"post","link":"https:\/\/haberbesiktas.tr\/?p=4888","title":{"rendered":"Kyle Walker, Milan&#8217;dan 4 milyon euro istedi"},"content":{"rendered":"<div>Manchester City&#8217;den ayr\u0131lma karar\u0131 alan Kyle Walker&#8217;\u0131n g\u00f6r\u00fc\u015fme yapt\u0131\u011f\u0131 Milan&#8217;dan istedi\u011fi maa\u015f a\u015fik\u00e2r oldu.<\/p>\n<p>Nico Schira&#8217;n\u0131n haberine nazaran;\u00a0<span>Kyle Walker, Milan ile yapt\u0131\u011f\u0131 g\u00f6r\u00fc\u015fmelerde kul\u00fcpten y\u0131ll\u0131k 4 milyon euro maa\u015f istedi.<\/span><\/p>\n<p>\u00d6te yandan habere nazaran;\u00a0<span>Suudi Arabistan kul\u00fcpleri, Walker&#8217;a \u00e7ok b\u00fcy\u00fck teklifler iletti lakin Walker&#8217;\u0131n tercihi Avrupa&#8217;da kalmak.<\/p>\n<p>Manchester City&#8217;den y\u0131lda 11 milyon euro kazanan 34 ya\u015f\u0131ndaki \u0130ngiliz sa\u011f bek, bu d\u00f6nem Manchester City formas\u0131yla \u00e7\u0131kt\u0131\u011f\u0131 18 ma\u00e7ta skor katk\u0131s\u0131 sa\u011flayamad\u0131.\u00a0<\/span><\/div>\n","protected":false},"excerpt":{"rendered":"<p>Manchester City&#8217;den ayr\u0131lma karar\u0131 alan Kyle Walker&#8217;\u0131n g\u00f6r\u00fc\u015fme yapt\u0131\u011f\u0131 Milan&#8217;dan istedi\u011fi maa\u015f muhakkak oldu<\/p>\n","protected":false},"author":1,"featured_media":4889,"comment_status":"open","ping_status":"open","sticky":false,"template":"","format":"standard","meta":{"footnotes":""},"categories":[25],"tags":[],"class_list":["post-4888","post","type-post","status-publish","format-standard","has-post-thumbnail","hentry","category-futbol"],"_links":{"self":[{"href":"https:\/\/haberbesiktas.tr\/index.php?rest_route=\/wp\/v2\/posts\/4888","targetHints":{"allow":["GET"]}}],"collection":[{"href":"https:\/\/haberbesiktas.tr\/index.php?rest_route=\/wp\/v2\/posts"}],"about":[{"href":"https:\/\/haberbesiktas.tr\/index.php?rest_route=\/wp\/v2\/types\/post"}],"author":[{"embeddable":true,"href":"https:\/\/haberbesiktas.tr\/index.php?rest_route=\/wp\/v2\/users\/1"}],"replies":[{"embeddable":true,"href":"https:\/\/haberbesiktas.tr\/index.php?rest_route=%2Fwp%2Fv2%2Fcomments&post=4888"}],"version-history":[{"count":1,"href":"https:\/\/haberbesiktas.tr\/index.php?rest_route=\/wp\/v2\/posts\/4888\/revisions"}],"predecessor-version":[{"id":4890,"href":"https:\/\/haberbesiktas.tr\/index.php?rest_route=\/wp\/v2\/posts\/4888\/revisions\/4890"}],"wp:featuredmedia":[{"embeddable":true,"href":"https:\/\/haberbesiktas.tr\/index.php?rest_route=\/wp\/v2\/media\/4889"}],"wp:attachment":[{"href":"https:\/\/haberbesiktas.tr\/index.php?rest_route=%2Fwp%2Fv2%2Fmedia&parent=4888"}],"wp:term":[{"taxonomy":"category","embeddable":true,"href":"https:\/\/haberbesiktas.tr\/index.php?rest_route=%2Fwp%2Fv2%2Fcategories&post=4888"},{"taxonomy":"post_tag","embeddable":true,"href":"https:\/\/haberbesiktas.tr\/index.php?rest_route=%2Fwp%2Fv2%2Ftags&post=4888"}],"curies":[{"name":"wp","href":"https:\/\/api.w.org\/{rel}","templated":true}]}}