{"id":48881,"date":"2026-01-12T23:36:03","date_gmt":"2026-01-12T23:36:03","guid":{"rendered":"https:\/\/haberbesiktas.tr\/?p=48881"},"modified":"2026-01-12T23:36:03","modified_gmt":"2026-01-12T23:36:03","slug":"goztepeden-lacerda-harekati","status":"publish","type":"post","link":"https:\/\/haberbesiktas.tr\/?p=48881","title":{"rendered":"G\u00f6ztepe&#8217;den Lacerda harekat\u0131"},"content":{"rendered":"<div>S\u00fcper Lig&#8217;de devre ortas\u0131nda \u0130svi\u00e7reli orta saha Alexis Antunes ve Brezilyal\u0131 golc\u00fc Guilherme Luiz&#8217;i tak\u0131m\u0131na dahil eden G\u00f6ztepe, \u00f6teki golc\u00fcs\u00fcn\u00fc de Brezilya&#8217;dan buldu.<\/p>\n<p> Sar\u0131-k\u0131rm\u0131z\u0131l\u0131lar\u0131n Serie B&#8217;de Cuiaba kadrosunda top ko\u015fturan Derik Lacerda ile ilgilendi\u011fi s\u00f6z edildi. Cuiaba&#8217;n\u0131n 26 ya\u015f\u0131ndaki oyuncu i\u00e7in 1.5 milyon Euro ve sonraki sat\u0131\u015ftan y\u00fczde 20 hisse istedi\u011fi tabir edildi.<\/p>\n<p> Futbola \u00fclkesi Brezilya&#8217;da EC Resende kadrosunda ba\u015flayan Lacerda, akabinde Portekiz&#8217;e giderek birinci Avrupa tecr\u00fcbesini ya\u015fad\u0131. Portekiz&#8217;de Academica, Coimbra ve Moreirense&#8217;de oynayan Lacerda, \u0130spanya&#8217;da ise Ponferradina&#8217;da forma giydi. Avrupa maceras\u0131n\u0131n akabinde tekrar \u00fclkesine d\u00f6nen oyuncu, Sport Recife ve Cuiaba gruplar\u0131nda vazife yapt\u0131. 2025 y\u0131l\u0131nda Sport Recife ve Cuiaba&#8217;da toplam 33 ma\u00e7a \u00e7\u0131kan Lacerda 8 gol at\u0131p 2 de asist yapt\u0131. <\/p>\n<\/div>\n","protected":false},"excerpt":{"rendered":"<p>G\u00f6ztepe&#8217;nin Serie B&#8217;de Cuiaba ekibinde top ko\u015fturan Derik Lacerda ile ilgilendi\u011fi s\u00f6z edildi.<\/p>\n","protected":false},"author":1,"featured_media":48882,"comment_status":"open","ping_status":"open","sticky":false,"template":"","format":"standard","meta":{"footnotes":""},"categories":[25],"tags":[],"class_list":["post-48881","post","type-post","status-publish","format-standard","has-post-thumbnail","hentry","category-futbol"],"_links":{"self":[{"href":"https:\/\/haberbesiktas.tr\/index.php?rest_route=\/wp\/v2\/posts\/48881","targetHints":{"allow":["GET"]}}],"collection":[{"href":"https:\/\/haberbesiktas.tr\/index.php?rest_route=\/wp\/v2\/posts"}],"about":[{"href":"https:\/\/haberbesiktas.tr\/index.php?rest_route=\/wp\/v2\/types\/post"}],"author":[{"embeddable":true,"href":"https:\/\/haberbesiktas.tr\/index.php?rest_route=\/wp\/v2\/users\/1"}],"replies":[{"embeddable":true,"href":"https:\/\/haberbesiktas.tr\/index.php?rest_route=%2Fwp%2Fv2%2Fcomments&post=48881"}],"version-history":[{"count":1,"href":"https:\/\/haberbesiktas.tr\/index.php?rest_route=\/wp\/v2\/posts\/48881\/revisions"}],"predecessor-version":[{"id":48883,"href":"https:\/\/haberbesiktas.tr\/index.php?rest_route=\/wp\/v2\/posts\/48881\/revisions\/48883"}],"wp:featuredmedia":[{"embeddable":true,"href":"https:\/\/haberbesiktas.tr\/index.php?rest_route=\/wp\/v2\/media\/48882"}],"wp:attachment":[{"href":"https:\/\/haberbesiktas.tr\/index.php?rest_route=%2Fwp%2Fv2%2Fmedia&parent=48881"}],"wp:term":[{"taxonomy":"category","embeddable":true,"href":"https:\/\/haberbesiktas.tr\/index.php?rest_route=%2Fwp%2Fv2%2Fcategories&post=48881"},{"taxonomy":"post_tag","embeddable":true,"href":"https:\/\/haberbesiktas.tr\/index.php?rest_route=%2Fwp%2Fv2%2Ftags&post=48881"}],"curies":[{"name":"wp","href":"https:\/\/api.w.org\/{rel}","templated":true}]}}