{"id":48884,"date":"2026-01-12T23:48:03","date_gmt":"2026-01-12T23:48:03","guid":{"rendered":"https:\/\/haberbesiktas.tr\/?p=48884"},"modified":"2026-01-12T23:48:03","modified_gmt":"2026-01-12T23:48:03","slug":"ankaragucunde-olaganustu-genel-kurulu-ertelendi","status":"publish","type":"post","link":"https:\/\/haberbesiktas.tr\/?p=48884","title":{"rendered":"Ankarag\u00fcc\u00fc&#8217;nde ola\u011fan\u00fcst\u00fc genel kurulu ertelendi"},"content":{"rendered":"<div>\n<div>\n<div><span>TFF 2. Lig Beyaz K\u00fcme gruplar\u0131ndan MKE Ankarag\u00fcc\u00fc Kul\u00fcb\u00fcn\u00fcn ola\u011fan\u00fcst\u00fc genel kurulu, k\u00e2fi \u00e7o\u011funluk sa\u011flanamad\u0131\u011f\u0131 i\u00e7in 20 Ocak&#8217;a ertelendi.<\/p>\n<p><\/span><\/div>\n<\/p><\/div>\n<div>\n<div> Ba\u015f\u015fehir tak\u0131m\u0131ndan yap\u0131lan a\u00e7\u0131klamaya nazaran Prof. Dr. Necmettin Erbakan Kongre Merkezi&#8217;ndeki inan\u0131lmaz genel kuruluda k\u00e2fi \u00e7o\u011funlu\u011fa ula\u015f\u0131lamad\u0131.<\/p>\n<p> MKE Ankarag\u00fcc\u00fc Ola\u011fan\u00fcst\u00fc Genel Kurulu, \u00e7o\u011funlu\u011fa bak\u0131lmaks\u0131z\u0131n 20 Ocak Sal\u0131 g\u00fcn\u00fc birebir yerde saat 14.00&#8217;te yap\u0131lacak.<\/p><\/div>\n<\/p><\/div>\n<\/div>\n","protected":false},"excerpt":{"rendered":"<p>TFF 2. Lig gruplar\u0131ndan MKE Ankarag\u00fcc\u00fc Kul\u00fcb\u00fc&#8217;n\u00fcn ola\u011fan\u00fcst\u00fc genel kurulu, k\u00e2fi \u00e7o\u011funlu\u011fa ula\u015f\u0131lamamas\u0131 sebebiyle ertelendi.<\/p>\n","protected":false},"author":1,"featured_media":48885,"comment_status":"open","ping_status":"open","sticky":false,"template":"","format":"standard","meta":{"footnotes":""},"categories":[25],"tags":[],"class_list":["post-48884","post","type-post","status-publish","format-standard","has-post-thumbnail","hentry","category-futbol"],"_links":{"self":[{"href":"https:\/\/haberbesiktas.tr\/index.php?rest_route=\/wp\/v2\/posts\/48884","targetHints":{"allow":["GET"]}}],"collection":[{"href":"https:\/\/haberbesiktas.tr\/index.php?rest_route=\/wp\/v2\/posts"}],"about":[{"href":"https:\/\/haberbesiktas.tr\/index.php?rest_route=\/wp\/v2\/types\/post"}],"author":[{"embeddable":true,"href":"https:\/\/haberbesiktas.tr\/index.php?rest_route=\/wp\/v2\/users\/1"}],"replies":[{"embeddable":true,"href":"https:\/\/haberbesiktas.tr\/index.php?rest_route=%2Fwp%2Fv2%2Fcomments&post=48884"}],"version-history":[{"count":1,"href":"https:\/\/haberbesiktas.tr\/index.php?rest_route=\/wp\/v2\/posts\/48884\/revisions"}],"predecessor-version":[{"id":48886,"href":"https:\/\/haberbesiktas.tr\/index.php?rest_route=\/wp\/v2\/posts\/48884\/revisions\/48886"}],"wp:featuredmedia":[{"embeddable":true,"href":"https:\/\/haberbesiktas.tr\/index.php?rest_route=\/wp\/v2\/media\/48885"}],"wp:attachment":[{"href":"https:\/\/haberbesiktas.tr\/index.php?rest_route=%2Fwp%2Fv2%2Fmedia&parent=48884"}],"wp:term":[{"taxonomy":"category","embeddable":true,"href":"https:\/\/haberbesiktas.tr\/index.php?rest_route=%2Fwp%2Fv2%2Fcategories&post=48884"},{"taxonomy":"post_tag","embeddable":true,"href":"https:\/\/haberbesiktas.tr\/index.php?rest_route=%2Fwp%2Fv2%2Ftags&post=48884"}],"curies":[{"name":"wp","href":"https:\/\/api.w.org\/{rel}","templated":true}]}}