{"id":4891,"date":"2025-01-20T05:59:57","date_gmt":"2025-01-20T05:59:57","guid":{"rendered":"https:\/\/haberbesiktas.tr\/?p=4891"},"modified":"2025-01-20T05:59:57","modified_gmt":"2025-01-20T05:59:57","slug":"bodrum-fkde-ayrilik-samet-yalcin","status":"publish","type":"post","link":"https:\/\/haberbesiktas.tr\/?p=4891","title":{"rendered":"Bodrum FK&#8217;de ayr\u0131l\u0131k: Samet Yal\u00e7\u0131n"},"content":{"rendered":"<div>Volkan Demirel&#8217;in grubu Bodrum FK&#8217;de bir ayr\u0131l\u0131k ya\u015fand\u0131.<\/p>\n<p> Ege temsilcisi, Samet Yal\u00e7\u0131n&#8217;\u0131n 1. Lig tak\u0131mlar\u0131ndan Kocaelispor&#8217;a transfer oldu\u011funu duyurdu.<\/p>\n<p> <strong>Bodrum&#8217;un a\u00e7\u0131klamas\u0131 \u015fu formda:<\/strong><\/p>\n<p> &#8220;Te\u015fekk\u00fcrler Samet Yal\u00e7\u0131n! Futbolcumuz Samet Yal\u00e7\u0131n&#8217;\u0131n transferi konusunda Kocaelispor Kul\u00fcb\u00fc ile muahede sa\u011flanm\u0131\u015ft\u0131r.<\/p>\n<p> 2021\/2022 d\u00f6neminden bu yana kadromuzun formas\u0131n\u0131 giyen, kaptanl\u0131k yapan, saha i\u00e7inde gayreti ve saha d\u0131\u015f\u0131nda liderli\u011fiyle her vakit arman\u0131n hakk\u0131n\u0131 veren, 2. Lig ve 1. Lig \u015fampiyonluklar\u0131m\u0131zda b\u00fcy\u00fck emekleri bulunan k\u0131ymetli oyuncumuza te\u015fekk\u00fcr eder, mesle\u011finin devam\u0131nda muvaffakiyetler dileriz.&#8221;<\/p>\n<p><img decoding=\"async\" src=\"https:\/\/haberbesiktas.tr\/wp-content\/uploads\/2025\/01\/bodrum-fkde-ayrilik-samet-yalcin-0-GuFTv9Wi.jpg\"\/><\/p>\n<\/div>\n","protected":false},"excerpt":{"rendered":"<p>Bodrum FK, Samet Yal\u00e7\u0131n&#8217;\u0131n 1. Lig gruplar\u0131ndan Kocaelispor&#8217;a transfer oldu\u011funu a\u00e7\u0131klad\u0131.<\/p>\n","protected":false},"author":1,"featured_media":4892,"comment_status":"open","ping_status":"open","sticky":false,"template":"","format":"standard","meta":{"footnotes":""},"categories":[25],"tags":[],"class_list":["post-4891","post","type-post","status-publish","format-standard","has-post-thumbnail","hentry","category-futbol"],"_links":{"self":[{"href":"https:\/\/haberbesiktas.tr\/index.php?rest_route=\/wp\/v2\/posts\/4891","targetHints":{"allow":["GET"]}}],"collection":[{"href":"https:\/\/haberbesiktas.tr\/index.php?rest_route=\/wp\/v2\/posts"}],"about":[{"href":"https:\/\/haberbesiktas.tr\/index.php?rest_route=\/wp\/v2\/types\/post"}],"author":[{"embeddable":true,"href":"https:\/\/haberbesiktas.tr\/index.php?rest_route=\/wp\/v2\/users\/1"}],"replies":[{"embeddable":true,"href":"https:\/\/haberbesiktas.tr\/index.php?rest_route=%2Fwp%2Fv2%2Fcomments&post=4891"}],"version-history":[{"count":1,"href":"https:\/\/haberbesiktas.tr\/index.php?rest_route=\/wp\/v2\/posts\/4891\/revisions"}],"predecessor-version":[{"id":4894,"href":"https:\/\/haberbesiktas.tr\/index.php?rest_route=\/wp\/v2\/posts\/4891\/revisions\/4894"}],"wp:featuredmedia":[{"embeddable":true,"href":"https:\/\/haberbesiktas.tr\/index.php?rest_route=\/wp\/v2\/media\/4892"}],"wp:attachment":[{"href":"https:\/\/haberbesiktas.tr\/index.php?rest_route=%2Fwp%2Fv2%2Fmedia&parent=4891"}],"wp:term":[{"taxonomy":"category","embeddable":true,"href":"https:\/\/haberbesiktas.tr\/index.php?rest_route=%2Fwp%2Fv2%2Fcategories&post=4891"},{"taxonomy":"post_tag","embeddable":true,"href":"https:\/\/haberbesiktas.tr\/index.php?rest_route=%2Fwp%2Fv2%2Ftags&post=4891"}],"curies":[{"name":"wp","href":"https:\/\/api.w.org\/{rel}","templated":true}]}}