{"id":48932,"date":"2026-01-13T02:36:04","date_gmt":"2026-01-13T02:36:04","guid":{"rendered":"https:\/\/haberbesiktas.tr\/?p=48932"},"modified":"2026-01-13T02:36:04","modified_gmt":"2026-01-13T02:36:04","slug":"paqueta-flamengoya-donmek-istiyor","status":"publish","type":"post","link":"https:\/\/haberbesiktas.tr\/?p=48932","title":{"rendered":"Paqueta, Flamengo&#8217;ya d\u00f6nmek istiyor"},"content":{"rendered":"<div>\n<p>Brezilyal\u0131 y\u0131ld\u0131z Lucas Paqueta, \u00fclkesine d\u00f6n\u00fc\u015f i\u00e7in k\u0131ymetli bir ad\u0131m att\u0131. <\/p>\n<p><span><em><strong>Fabrizio Romano&#8217;nun haberine nazaran,<\/strong><\/em><\/span> Paqueta, Flamengo ile ferd\u00ee kaidelerde b\u00fcsb\u00fct\u00fcn muahede sa\u011flad\u0131. Oyuncu cephesinde t\u00fcm ayr\u0131nt\u0131lar netle\u015fmi\u015f durumda.<\/p>\n<p> 27 ya\u015f\u0131ndaki orta saha oyuncusunun Brezilya&#8217;ya d\u00f6nme konusunda kararl\u0131 oldu\u011fu ve bu iste\u011fini kul\u00fcb\u00fc West Ham United&#8217;a a\u00e7\u0131k\u00e7a iletti\u011fi belirtiliyor. \u015eu anda transferle ilgili g\u00f6r\u00fc\u015fmeler Flamengo ile West Ham ortas\u0131nda devam ediyor.<\/p>\n<p> <strong>PAQUETA ISRARCI<\/strong><\/p>\n<p> Haberde, Paqueta&#8217;n\u0131n transferin ger\u00e7ekle\u015fmesi i\u00e7in s\u00fcreci zorlad\u0131\u011f\u0131 ve \u0130ngiliz kul\u00fcb\u00fcn\u00fcn karar\u0131n\u0131 bekledi\u011fi vurguland\u0131. Bundan sonraki ad\u0131m b\u00fcsb\u00fct\u00fcn West Ham&#8217;\u0131n verece\u011fi karara ba\u011fl\u0131.<\/p>\n<\/div>\n","protected":false},"excerpt":{"rendered":"<p>Lucas Paquea, Flamengo ile ferd\u00ee ko\u015fullarda anla\u015f\u0131rken, Brezilya&#8217;ya d\u00f6n\u00fc\u015f i\u00e7in West Ham&#8217;a net ileti verdi; transferde son kelam \u0130ngiliz kul\u00fcb\u00fcnde.<\/p>\n","protected":false},"author":1,"featured_media":48933,"comment_status":"open","ping_status":"open","sticky":false,"template":"","format":"standard","meta":{"footnotes":""},"categories":[25],"tags":[],"class_list":["post-48932","post","type-post","status-publish","format-standard","has-post-thumbnail","hentry","category-futbol"],"_links":{"self":[{"href":"https:\/\/haberbesiktas.tr\/index.php?rest_route=\/wp\/v2\/posts\/48932","targetHints":{"allow":["GET"]}}],"collection":[{"href":"https:\/\/haberbesiktas.tr\/index.php?rest_route=\/wp\/v2\/posts"}],"about":[{"href":"https:\/\/haberbesiktas.tr\/index.php?rest_route=\/wp\/v2\/types\/post"}],"author":[{"embeddable":true,"href":"https:\/\/haberbesiktas.tr\/index.php?rest_route=\/wp\/v2\/users\/1"}],"replies":[{"embeddable":true,"href":"https:\/\/haberbesiktas.tr\/index.php?rest_route=%2Fwp%2Fv2%2Fcomments&post=48932"}],"version-history":[{"count":1,"href":"https:\/\/haberbesiktas.tr\/index.php?rest_route=\/wp\/v2\/posts\/48932\/revisions"}],"predecessor-version":[{"id":48934,"href":"https:\/\/haberbesiktas.tr\/index.php?rest_route=\/wp\/v2\/posts\/48932\/revisions\/48934"}],"wp:featuredmedia":[{"embeddable":true,"href":"https:\/\/haberbesiktas.tr\/index.php?rest_route=\/wp\/v2\/media\/48933"}],"wp:attachment":[{"href":"https:\/\/haberbesiktas.tr\/index.php?rest_route=%2Fwp%2Fv2%2Fmedia&parent=48932"}],"wp:term":[{"taxonomy":"category","embeddable":true,"href":"https:\/\/haberbesiktas.tr\/index.php?rest_route=%2Fwp%2Fv2%2Fcategories&post=48932"},{"taxonomy":"post_tag","embeddable":true,"href":"https:\/\/haberbesiktas.tr\/index.php?rest_route=%2Fwp%2Fv2%2Ftags&post=48932"}],"curies":[{"name":"wp","href":"https:\/\/api.w.org\/{rel}","templated":true}]}}