{"id":48939,"date":"2026-01-13T03:00:05","date_gmt":"2026-01-13T03:00:05","guid":{"rendered":"https:\/\/haberbesiktas.tr\/?p=48939"},"modified":"2026-01-13T03:00:05","modified_gmt":"2026-01-13T03:00:05","slug":"fenerbahcede-youssef-en-nesyriye-surpriz-talip","status":"publish","type":"post","link":"https:\/\/haberbesiktas.tr\/?p=48939","title":{"rendered":"Fenerbah\u00e7e&#8217;de Youssef En Nesyri&#8217;ye s\u00fcrpriz talip!"},"content":{"rendered":"<div>\n<p>Fenerbah\u00e7e&#8217;nin Fasl\u0131 santrfrou Youssef En Nesyri i\u00e7in s\u00fcrpriz bir talip \u00e7\u0131kt\u0131.<\/p>\n<p> <span><em><strong>A Spor&#8217;un haberine g\u00f6re,<\/strong> <\/em><\/span>Katar kul\u00fcb\u00fc Al-Sadd, En Nesyri i\u00e7in Fenerbah\u00e7e&#8217;ye kurala ba\u011fl\u0131 sat\u0131n alma opsiyonlu kiralama teklifinde bulundu.<\/p>\n<p> Piyasa bedeli 22 milyon euro olarak g\u00f6sterilen Fasl\u0131 golc\u00fcn\u00fcn sar\u0131 lacivertliler ile olan mukavelesi 2029 y\u0131l\u0131nda sona eriyor.<\/p>\n<p> <strong>PERFORMANSI<\/strong><\/p>\n<p> Bu d\u00f6nem Fenerbah\u00e7e&#8217;de 25 ma\u00e7a \u00e7\u0131kan 28 ya\u015f\u0131ndaki golc\u00fc, 8 kere fileleri havaland\u0131r\u0131rken ekibine 1 asistlik katk\u0131da bulundu.<\/p>\n<\/div>\n","protected":false},"excerpt":{"rendered":"<p>Fenerbah\u00e7e&#8217;nin Fasl\u0131 golc\u00fcs\u00fc Youssef En Nesyri i\u00e7in Katar kul\u00fcb\u00fc Al-Sadd, ko\u015fula ba\u011fl\u0131 sat\u0131n alma opsiyonlu kiralama teklifinde bulundu.<\/p>\n","protected":false},"author":1,"featured_media":48940,"comment_status":"open","ping_status":"open","sticky":false,"template":"","format":"standard","meta":{"footnotes":""},"categories":[25],"tags":[],"class_list":["post-48939","post","type-post","status-publish","format-standard","has-post-thumbnail","hentry","category-futbol"],"_links":{"self":[{"href":"https:\/\/haberbesiktas.tr\/index.php?rest_route=\/wp\/v2\/posts\/48939","targetHints":{"allow":["GET"]}}],"collection":[{"href":"https:\/\/haberbesiktas.tr\/index.php?rest_route=\/wp\/v2\/posts"}],"about":[{"href":"https:\/\/haberbesiktas.tr\/index.php?rest_route=\/wp\/v2\/types\/post"}],"author":[{"embeddable":true,"href":"https:\/\/haberbesiktas.tr\/index.php?rest_route=\/wp\/v2\/users\/1"}],"replies":[{"embeddable":true,"href":"https:\/\/haberbesiktas.tr\/index.php?rest_route=%2Fwp%2Fv2%2Fcomments&post=48939"}],"version-history":[{"count":1,"href":"https:\/\/haberbesiktas.tr\/index.php?rest_route=\/wp\/v2\/posts\/48939\/revisions"}],"predecessor-version":[{"id":48941,"href":"https:\/\/haberbesiktas.tr\/index.php?rest_route=\/wp\/v2\/posts\/48939\/revisions\/48941"}],"wp:featuredmedia":[{"embeddable":true,"href":"https:\/\/haberbesiktas.tr\/index.php?rest_route=\/wp\/v2\/media\/48940"}],"wp:attachment":[{"href":"https:\/\/haberbesiktas.tr\/index.php?rest_route=%2Fwp%2Fv2%2Fmedia&parent=48939"}],"wp:term":[{"taxonomy":"category","embeddable":true,"href":"https:\/\/haberbesiktas.tr\/index.php?rest_route=%2Fwp%2Fv2%2Fcategories&post=48939"},{"taxonomy":"post_tag","embeddable":true,"href":"https:\/\/haberbesiktas.tr\/index.php?rest_route=%2Fwp%2Fv2%2Ftags&post=48939"}],"curies":[{"name":"wp","href":"https:\/\/api.w.org\/{rel}","templated":true}]}}