{"id":48942,"date":"2026-01-13T03:36:04","date_gmt":"2026-01-13T03:36:04","guid":{"rendered":"https:\/\/haberbesiktas.tr\/?p=48942"},"modified":"2026-01-13T03:36:04","modified_gmt":"2026-01-13T03:36:04","slug":"fenerbahce-yonetimi-transfer-icin-gidiyor","status":"publish","type":"post","link":"https:\/\/haberbesiktas.tr\/?p=48942","title":{"rendered":"Fenerbah\u00e7e y\u00f6netimi, transfer i\u00e7in gidiyor!"},"content":{"rendered":"<div>Fenerbah\u00e7e Futbol \u015eube Sorumlusu Ertan Toruno\u011fullar\u0131, kat\u0131ld\u0131\u011f\u0131 aktiflikte transfer i\u00e7in konu\u015ftu.<\/p>\n<p> <strong>GALATASARAY DERB\u0130S\u0130<\/strong><\/p>\n<p> Galatasaray ile \u00dcst\u00fcn Kupa&#8217;da oynad\u0131klar\u0131 ve kazand\u0131klar\u0131 finali k\u0131ymetlendiren Toruno\u011fullar\u0131,<strong> &#8220;Pozitif olarak Harika Kupa&#8217;n\u0131n tesiri olur lige fakat biz yaln\u0131zca bir ma\u00e7 kazand\u0131k. Lig havas\u0131 di\u011fer, Harika Kupa havas\u0131 daha farkl\u0131.&#8221;<\/strong> dedi. <\/p>\n<p> \u015eampiyonluk i\u00e7in konu\u015fan sar\u0131-lacivertli y\u00f6netici,<strong> &#8220;Bu g\u00fc\u00e7 ile ile lige ba\u015flad\u0131\u011f\u0131m\u0131zda \u00e7ok ho\u015f \u015feyler yapaca\u011f\u0131m\u0131za inan\u0131yoruz. Biz bu sene \u015fampiyon olaca\u011f\u0131m\u0131za inan\u0131yoruz ve daima s\u00f6yl\u00fcyoruz.&#8221;<\/strong> diye konu\u015ftu.<\/p>\n<p> <strong>TRANSFER A\u00c7IKLAMASI<\/strong><\/p>\n<p> Ertan Toruno\u011fullar\u0131, transfer i\u00e7in, <strong>&#8220;Tak\u0131mda bir iki eksik daha var. Onlar\u0131 giderdikten sonra tam manas\u0131yla haz\u0131r olaca\u011f\u0131z.&#8221;<\/strong> kelamlar\u0131n\u0131 sarf etti.<\/p>\n<p> <strong>TRANSFERE G\u0130D\u0130YORLAR<\/strong><\/p>\n<p><span><strong>Sercan Hamzao\u011flu&#8217;nun haberine nazaran,<\/strong><\/span> Fenerbah\u00e7e&#8217;de transfer toplant\u0131s\u0131 sona erdi. De\u011ferli basamak kaydedilen bir transfer i\u00e7in y\u00f6neticiler Ertan Toruno\u011fullar\u0131, \u00d6mer Topba\u015f ve sportif y\u00f6netici Devin \u00d6zek, 13 Ocak Sal\u0131 g\u00fcn\u00fc saat 07.55&#8217;te Dubai&#8217;ye u\u00e7acak.<\/p>\n<\/div>\n","protected":false},"excerpt":{"rendered":"<p>Fenerbah\u00e7e, &#8220;bir-iki eksik daha var&#8221; diyen Ertan Toruno\u011fullar\u0131&#8217;n\u0131n a\u00e7\u0131klamas\u0131n\u0131n akabinde, de\u011ferli bir transfer i\u00e7in y\u00f6neticilerini Sal\u0131 sabah\u0131 Dubai&#8217;ye g\u00f6nderiyor.<\/p>\n","protected":false},"author":1,"featured_media":48943,"comment_status":"open","ping_status":"open","sticky":false,"template":"","format":"standard","meta":{"footnotes":""},"categories":[25],"tags":[48],"class_list":["post-48942","post","type-post","status-publish","format-standard","has-post-thumbnail","hentry","category-futbol","tag-transfer"],"_links":{"self":[{"href":"https:\/\/haberbesiktas.tr\/index.php?rest_route=\/wp\/v2\/posts\/48942","targetHints":{"allow":["GET"]}}],"collection":[{"href":"https:\/\/haberbesiktas.tr\/index.php?rest_route=\/wp\/v2\/posts"}],"about":[{"href":"https:\/\/haberbesiktas.tr\/index.php?rest_route=\/wp\/v2\/types\/post"}],"author":[{"embeddable":true,"href":"https:\/\/haberbesiktas.tr\/index.php?rest_route=\/wp\/v2\/users\/1"}],"replies":[{"embeddable":true,"href":"https:\/\/haberbesiktas.tr\/index.php?rest_route=%2Fwp%2Fv2%2Fcomments&post=48942"}],"version-history":[{"count":1,"href":"https:\/\/haberbesiktas.tr\/index.php?rest_route=\/wp\/v2\/posts\/48942\/revisions"}],"predecessor-version":[{"id":48944,"href":"https:\/\/haberbesiktas.tr\/index.php?rest_route=\/wp\/v2\/posts\/48942\/revisions\/48944"}],"wp:featuredmedia":[{"embeddable":true,"href":"https:\/\/haberbesiktas.tr\/index.php?rest_route=\/wp\/v2\/media\/48943"}],"wp:attachment":[{"href":"https:\/\/haberbesiktas.tr\/index.php?rest_route=%2Fwp%2Fv2%2Fmedia&parent=48942"}],"wp:term":[{"taxonomy":"category","embeddable":true,"href":"https:\/\/haberbesiktas.tr\/index.php?rest_route=%2Fwp%2Fv2%2Fcategories&post=48942"},{"taxonomy":"post_tag","embeddable":true,"href":"https:\/\/haberbesiktas.tr\/index.php?rest_route=%2Fwp%2Fv2%2Ftags&post=48942"}],"curies":[{"name":"wp","href":"https:\/\/api.w.org\/{rel}","templated":true}]}}