{"id":48948,"date":"2026-01-13T04:00:04","date_gmt":"2026-01-13T04:00:04","guid":{"rendered":"https:\/\/haberbesiktas.tr\/?p=48948"},"modified":"2026-01-13T04:00:04","modified_gmt":"2026-01-13T04:00:04","slug":"besiktasta-david-jurasek-ile-yollarini-ayirdi","status":"publish","type":"post","link":"https:\/\/haberbesiktas.tr\/?p=48948","title":{"rendered":"Be\u015fikta\u015f&#8217;ta David Jurasek ile yollar\u0131n\u0131 ay\u0131rd\u0131"},"content":{"rendered":"<div>\n<div> Tak\u0131m planlamalar\u0131n\u0131 s\u00fcrd\u00fcren Be\u015fikta\u015f, yaz transfer periyodunda Benfica&#8217;dan sat\u0131n alma opsiyonu ile kiralanan <strong>David Jurasek<\/strong>&#8216;le yollar\u0131n\u0131 ay\u0131rd\u0131.<\/p>\n<p> Siyah-beyazl\u0131 kul\u00fcp, oyuncuyla kontrat\u0131n kar\u015f\u0131l\u0131kl\u0131 sona erdirildi\u011fini TFF&#8217;ye bildirdi.<\/p>\n<p> Jurasek, siyah-beyazl\u0131larda bu d\u00f6nem 17 kar\u015f\u0131la\u015fmada m\u00fcddet alm\u0131\u015ft\u0131.<\/p>\n<p><strong>KAR\u0130YER\u0130<\/strong><\/p>\n<p> 25 ya\u015f\u0131ndaki \u00c7ekyal\u0131 futbolcu Be\u015fikta\u015f ve Benfica&#8217;n\u0131n yan\u0131 s\u0131ra Hoffenheim ile Slavia Prag&#8217;da da forma giymi\u015fti.<\/p><\/div>\n<\/p><\/div>\n","protected":false},"excerpt":{"rendered":"<p>Be\u015fikta\u015f, yaz transfer devrinde Benfica&#8217;dan sat\u0131n alma opsiyonu ile kiralanan David Jurasek&#8217;in kontrat\u0131n\u0131n feshedildi\u011fini TFF&#8217;ye bildirdi.<\/p>\n","protected":false},"author":1,"featured_media":48949,"comment_status":"open","ping_status":"open","sticky":false,"template":"","format":"standard","meta":{"footnotes":""},"categories":[25],"tags":[],"class_list":["post-48948","post","type-post","status-publish","format-standard","has-post-thumbnail","hentry","category-futbol"],"_links":{"self":[{"href":"https:\/\/haberbesiktas.tr\/index.php?rest_route=\/wp\/v2\/posts\/48948","targetHints":{"allow":["GET"]}}],"collection":[{"href":"https:\/\/haberbesiktas.tr\/index.php?rest_route=\/wp\/v2\/posts"}],"about":[{"href":"https:\/\/haberbesiktas.tr\/index.php?rest_route=\/wp\/v2\/types\/post"}],"author":[{"embeddable":true,"href":"https:\/\/haberbesiktas.tr\/index.php?rest_route=\/wp\/v2\/users\/1"}],"replies":[{"embeddable":true,"href":"https:\/\/haberbesiktas.tr\/index.php?rest_route=%2Fwp%2Fv2%2Fcomments&post=48948"}],"version-history":[{"count":1,"href":"https:\/\/haberbesiktas.tr\/index.php?rest_route=\/wp\/v2\/posts\/48948\/revisions"}],"predecessor-version":[{"id":48950,"href":"https:\/\/haberbesiktas.tr\/index.php?rest_route=\/wp\/v2\/posts\/48948\/revisions\/48950"}],"wp:featuredmedia":[{"embeddable":true,"href":"https:\/\/haberbesiktas.tr\/index.php?rest_route=\/wp\/v2\/media\/48949"}],"wp:attachment":[{"href":"https:\/\/haberbesiktas.tr\/index.php?rest_route=%2Fwp%2Fv2%2Fmedia&parent=48948"}],"wp:term":[{"taxonomy":"category","embeddable":true,"href":"https:\/\/haberbesiktas.tr\/index.php?rest_route=%2Fwp%2Fv2%2Fcategories&post=48948"},{"taxonomy":"post_tag","embeddable":true,"href":"https:\/\/haberbesiktas.tr\/index.php?rest_route=%2Fwp%2Fv2%2Ftags&post=48948"}],"curies":[{"name":"wp","href":"https:\/\/api.w.org\/{rel}","templated":true}]}}