{"id":48951,"date":"2026-01-13T04:12:05","date_gmt":"2026-01-13T04:12:05","guid":{"rendered":"https:\/\/haberbesiktas.tr\/?p=48951"},"modified":"2026-01-13T04:12:05","modified_gmt":"2026-01-13T04:12:05","slug":"genclerbirliginde-arda-cakmak-hibe-ettim-demisti-borc-verdigi-ortaya-cikti","status":"publish","type":"post","link":"https:\/\/haberbesiktas.tr\/?p=48951","title":{"rendered":"Gen\u00e7lerbirli\u011fi&#8217;nde Arda \u00c7akmak &#8216;hibe ettim&#8217; demi\u015fti! Bor\u00e7 verdi\u011fi ortaya \u00e7\u0131kt\u0131"},"content":{"rendered":"<div>\n<p>Gen\u00e7lerbirli\u011fi Ba\u015fkan\u0131 Arda \u00c7akmak&#8217;\u0131n, kul\u00fcbe hibe ettim dedi\u011fi paray\u0131 bor\u00e7 olarak g\u00f6sterdi\u011fi tez edildi.<\/p>\n<p> <span><em><strong>Haber 7&#8217;nin haberine nazaran;<\/strong><\/em><\/span> Gen\u00e7lerbirli\u011fi&#8217;nde se\u00e7imli genel konsey \u00f6ncesi kul\u00fcpte sular durulmuyor\u2026 700&#8217;e yak\u0131n naylon \u00fcyelik arg\u00fcman\u0131n\u0131n akabinde ikinci skandal g\u00fcndeme bomba \u00fczere d\u00fc\u015ft\u00fc.\u00a0<\/p>\n<p> Gen\u00e7lerbirli\u011fi \u0130dare Konseyi&#8217;nden edinilen bilgilere nazaran, Lider Arda \u00c7akmak&#8217;\u0131n vazifeye geldikten \u00e7abucak sonra kul\u00fcbe hibe ettim dedi\u011fi 1 milyon Euro&#8217;nun kayna\u011f\u0131 ortaya \u00e7\u0131kt\u0131. Bu para hibe yahut ba\u011f\u0131\u015f olarak de\u011fil bor\u00e7 olarak kayda ge\u00e7ti. <\/p>\n<p> <strong>CAM\u0130A AYAKLANDI!<\/strong><\/p>\n<p> Yasa gere\u011fi genel \u015fura m\u00fcsaadesi olmadan kul\u00fcbe bor\u00e7 verilmesinin hukuka al\u0131\u015f\u0131lmam\u0131\u015f olmas\u0131na kar\u015f\u0131n \u00c7akmak&#8217;\u0131n bu at\u0131l\u0131m\u0131 tart\u0131\u015fmalar\u0131 da beraberinde getirdi. Mali olarak g\u00fc\u00e7 durumda olan kul\u00fcbe, kelam konusu paray\u0131 Arda \u00c7akmak, kul\u00fcbe bor\u00e7 olarak verdi\u011fi tez edildi. Bunun haricinde kul\u00fcb\u00fcn TFF&#8217;den 30 milyon TL olan alaca\u011f\u0131n\u0131 da \u00f6n \u00f6demeli olarak ald\u0131\u011f\u0131 ve bu halde kul\u00fcb\u00fcn bor\u00e7lar\u0131n\u0131 verdi\u011fi \u00f6\u011frenildi. Kul\u00fcp i\u00e7erisinde hibe olarak s\u00f6ylenen paralar\u0131n perde ard\u0131ndaki bor\u00e7 skandal\u0131n\u0131n ortaya \u00e7\u0131kmas\u0131yla, topluluk idareye kar\u015f\u0131 isyan bayraklar\u0131 da a\u00e7\u0131ld\u0131.<\/p>\n<p> <strong>700&#8217;E YAKIN NAYLON \u00dcYE<\/strong><\/p>\n<p> Skandal bununla da sonlu kalmad\u0131. \u0130darenin se\u00e7imli inan\u0131lmaz genel konsey karar\u0131 almas\u0131n\u0131n akabinde 700&#8217;e yak\u0131n yeni \u00fcye kayd\u0131 yap\u0131ld\u0131\u011f\u0131, hatta birtak\u0131m kay\u0131t defterlerinde yeni \u00fcyelikler i\u00e7in bo\u015f sayfalar b\u0131rak\u0131ld\u0131\u011f\u0131 sav edildi. Halbuki ki se\u00e7imli genel \u015fura karar\u0131 al\u0131nmas\u0131n\u0131n akabinde yeni \u00fcyelik kayd\u0131 yap\u0131lmas\u0131 hukuka ters.<\/p>\n<p> Kul\u00fcp etraflar\u0131nda bu \u00fcyeliklerin, 17 Ocak&#8217;ta yap\u0131lacak se\u00e7imli harikul\u00e2de genel heyette sonu\u00e7lar\u0131 etkilemek gayesiyle yap\u0131ld\u0131\u011f\u0131 istikametinde yorumland\u0131.<\/p>\n<p> <strong>ESK\u0130 \u00dcYEL\u0130KLER ASKIYA ALINDI<\/strong><\/p>\n<p> S\u0131rf yeni \u00fcyeler kaydedilmekle kal\u0131nmad\u0131, t\u0131pk\u0131 vakitte birtak\u0131m eski \u00fcyelerin \u00fcyeliklerinin de ask\u0131ya al\u0131nd\u0131\u011f\u0131 ve b\u00f6ylelikle oy kullanmalar\u0131n\u0131n engellendi\u011fi de sav edildi.<\/p>\n<\/div>\n","protected":false},"excerpt":{"rendered":"<p>S\u00fcper Lig gruplar\u0131ndan Gen\u00e7lerbirli\u011fi&#8217;nde Lider Arda \u00c7akmak&#8217;\u0131n &#8216;hibe ettim&#8217; dedi\u011fi paray\u0131, k\u0131rm\u0131z\u0131-siyahl\u0131lara verirken bor\u00e7 olarak g\u00f6sterdi\u011fi \u00f6ne s\u00fcr\u00fcld\u00fc.<\/p>\n","protected":false},"author":1,"featured_media":48952,"comment_status":"open","ping_status":"open","sticky":false,"template":"","format":"standard","meta":{"footnotes":""},"categories":[25],"tags":[1415,260,565,2966,3708],"class_list":["post-48951","post","type-post","status-publish","format-standard","has-post-thumbnail","hentry","category-futbol","tag-borc","tag-genel-kurul","tag-iddia","tag-kulube","tag-uyelik"],"_links":{"self":[{"href":"https:\/\/haberbesiktas.tr\/index.php?rest_route=\/wp\/v2\/posts\/48951","targetHints":{"allow":["GET"]}}],"collection":[{"href":"https:\/\/haberbesiktas.tr\/index.php?rest_route=\/wp\/v2\/posts"}],"about":[{"href":"https:\/\/haberbesiktas.tr\/index.php?rest_route=\/wp\/v2\/types\/post"}],"author":[{"embeddable":true,"href":"https:\/\/haberbesiktas.tr\/index.php?rest_route=\/wp\/v2\/users\/1"}],"replies":[{"embeddable":true,"href":"https:\/\/haberbesiktas.tr\/index.php?rest_route=%2Fwp%2Fv2%2Fcomments&post=48951"}],"version-history":[{"count":1,"href":"https:\/\/haberbesiktas.tr\/index.php?rest_route=\/wp\/v2\/posts\/48951\/revisions"}],"predecessor-version":[{"id":48953,"href":"https:\/\/haberbesiktas.tr\/index.php?rest_route=\/wp\/v2\/posts\/48951\/revisions\/48953"}],"wp:featuredmedia":[{"embeddable":true,"href":"https:\/\/haberbesiktas.tr\/index.php?rest_route=\/wp\/v2\/media\/48952"}],"wp:attachment":[{"href":"https:\/\/haberbesiktas.tr\/index.php?rest_route=%2Fwp%2Fv2%2Fmedia&parent=48951"}],"wp:term":[{"taxonomy":"category","embeddable":true,"href":"https:\/\/haberbesiktas.tr\/index.php?rest_route=%2Fwp%2Fv2%2Fcategories&post=48951"},{"taxonomy":"post_tag","embeddable":true,"href":"https:\/\/haberbesiktas.tr\/index.php?rest_route=%2Fwp%2Fv2%2Ftags&post=48951"}],"curies":[{"name":"wp","href":"https:\/\/api.w.org\/{rel}","templated":true}]}}