{"id":48957,"date":"2026-01-13T04:36:04","date_gmt":"2026-01-13T04:36:04","guid":{"rendered":"https:\/\/haberbesiktas.tr\/?p=48957"},"modified":"2026-01-13T04:36:04","modified_gmt":"2026-01-13T04:36:04","slug":"fenerbahcede-guendouzi-transferinin-perde-arkasi-ortaya-cikti","status":"publish","type":"post","link":"https:\/\/haberbesiktas.tr\/?p=48957","title":{"rendered":"Fenerbah\u00e7e&#8217;de Guendouzi transferinin perde arkas\u0131 ortaya \u00e7\u0131kt\u0131!"},"content":{"rendered":"<div>\n<p>Fenerbah\u00e7e&#8217;nin Lazio&#8217;dan tak\u0131m\u0131na katt\u0131\u011f\u0131 Frans\u0131z y\u0131ld\u0131z Matteo Guendouzi transferinin perde gerisine dair dikkat cazibeli ayr\u0131nt\u0131lar payla\u015f\u0131ld\u0131. Sar\u0131-lacivertli kul\u00fcb\u00fcn bu transferdeki kararl\u0131l\u0131\u011f\u0131nda, zamanlama ve derbi vurgusu belirleyici oldu.\u00a0<\/p>\n<p> <strong>Sercan Hamzao\u011flu&#8217;nun aktard\u0131\u011f\u0131 bilgilere g\u00f6re<\/strong>, Fenerbah\u00e7e Ba\u015fkan\u0131 Sadettin Saran, Guendouzi i\u00e7in Lazio&#8217;ya <strong>25+2 milyon euro<\/strong> teklif etti. Lazio cephesi ise bu rakama<strong> 27+2 milyon euro<\/strong> kar\u015f\u0131 teklifle kar\u015f\u0131l\u0131k verdi.<\/p>\n<p> <strong>&#8220;TEKL\u0130F\u0130N\u0130Z\u0130 B\u0130R KURALLA KABUL EDER\u0130M&#8230;&#8221;<\/strong> <\/p>\n<p> Bu basamakta devreye giren Lider Saran&#8217;\u0131n, transferin kabul\u00fc i\u00e7in net bir ko\u015ful sundu\u011fu \u00f6\u011frenildi. Saran&#8217;\u0131n, <strong>&#8220;Teklifinizi bir ko\u015fulla kabul ederim; oyuncuyu Galatasaray ma\u00e7\u0131na yeti\u015ftirin, aksi halde bu transferi yapmam&#8221;<\/strong> dedi\u011fi belirtildi.<\/p>\n<\/div>\n","protected":false},"excerpt":{"rendered":"<p>Fenerbah\u00e7e&#8217;nin Lazio&#8217;dan tak\u0131m\u0131na katt\u0131\u011f\u0131 Frans\u0131z y\u0131ld\u0131z Matteo Guendouzi transferinin perde ard\u0131na dair dikkat cazibeli ayr\u0131nt\u0131lar payla\u015f\u0131ld\u0131.<\/p>\n","protected":false},"author":1,"featured_media":48958,"comment_status":"open","ping_status":"open","sticky":false,"template":"","format":"standard","meta":{"footnotes":""},"categories":[25],"tags":[],"class_list":["post-48957","post","type-post","status-publish","format-standard","has-post-thumbnail","hentry","category-futbol"],"_links":{"self":[{"href":"https:\/\/haberbesiktas.tr\/index.php?rest_route=\/wp\/v2\/posts\/48957","targetHints":{"allow":["GET"]}}],"collection":[{"href":"https:\/\/haberbesiktas.tr\/index.php?rest_route=\/wp\/v2\/posts"}],"about":[{"href":"https:\/\/haberbesiktas.tr\/index.php?rest_route=\/wp\/v2\/types\/post"}],"author":[{"embeddable":true,"href":"https:\/\/haberbesiktas.tr\/index.php?rest_route=\/wp\/v2\/users\/1"}],"replies":[{"embeddable":true,"href":"https:\/\/haberbesiktas.tr\/index.php?rest_route=%2Fwp%2Fv2%2Fcomments&post=48957"}],"version-history":[{"count":1,"href":"https:\/\/haberbesiktas.tr\/index.php?rest_route=\/wp\/v2\/posts\/48957\/revisions"}],"predecessor-version":[{"id":48959,"href":"https:\/\/haberbesiktas.tr\/index.php?rest_route=\/wp\/v2\/posts\/48957\/revisions\/48959"}],"wp:featuredmedia":[{"embeddable":true,"href":"https:\/\/haberbesiktas.tr\/index.php?rest_route=\/wp\/v2\/media\/48958"}],"wp:attachment":[{"href":"https:\/\/haberbesiktas.tr\/index.php?rest_route=%2Fwp%2Fv2%2Fmedia&parent=48957"}],"wp:term":[{"taxonomy":"category","embeddable":true,"href":"https:\/\/haberbesiktas.tr\/index.php?rest_route=%2Fwp%2Fv2%2Fcategories&post=48957"},{"taxonomy":"post_tag","embeddable":true,"href":"https:\/\/haberbesiktas.tr\/index.php?rest_route=%2Fwp%2Fv2%2Ftags&post=48957"}],"curies":[{"name":"wp","href":"https:\/\/api.w.org\/{rel}","templated":true}]}}