{"id":48963,"date":"2026-01-13T05:00:05","date_gmt":"2026-01-13T05:00:05","guid":{"rendered":"https:\/\/haberbesiktas.tr\/?p=48963"},"modified":"2026-01-13T05:00:05","modified_gmt":"2026-01-13T05:00:05","slug":"real-madridde-alonso-donemi-bitti-arbeloa-geldi","status":"publish","type":"post","link":"https:\/\/haberbesiktas.tr\/?p=48963","title":{"rendered":"Real Madrid&#8217;de Alonso d\u00f6nemi bitti, Arbeloa geldi!"},"content":{"rendered":"<div>\n<p>\u0130spanyol devi Real Madrid&#8217;de Xabi Alonso periyodu resmen sona erdi.\u00a0<\/p>\n<p> \u0130spanyol grubu toplumsal medya hesab\u0131ndan yapt\u0131\u011f\u0131 a\u00e7\u0131klamada ayr\u0131l\u0131\u011f\u0131 duyurdu.<\/p>\n<p> \u0130spanyol devi taraf\u0131ndan yap\u0131lan a\u00e7\u0131klamada <strong>&#8220;Real Madrid, kul\u00fcp ile Xabi Alonso ortas\u0131nda kar\u015f\u0131l\u0131kl\u0131 mutabakat sa\u011flanarak, kendisinin A grup teknik y\u00f6neticili\u011fi vazifesine son verilmesine karar verildi\u011fini kamuoyuna duyurur. Xabi Alonso, Real Madrid&#8217;in bir efsanesi olmas\u0131 ve kul\u00fcb\u00fcm\u00fcz\u00fcn k\u0131ymetlerini her vakit en yeterli bi\u00e7imde temsil etmesi nedeniyle t\u00fcm madridistalar\u0131n sevgisini ve takdirini s\u00fcrekli \u00fczerinde ta\u015f\u0131yacakt\u0131r. Real Madrid her vakit onun konutu olacakt\u0131r. Kul\u00fcb\u00fcm\u00fcz, bu m\u00fcddet boyunca g\u00f6sterdi\u011fi \u00e7al\u0131\u015fma ve \u00f6zveri i\u00e7in Xabi Alonso&#8217;ya ve t\u00fcm teknik grubuna te\u015fekk\u00fcr eder; hayatlar\u0131n\u0131n bu yeni periyodunda kendilerine bol baht dileriz.&#8221;<\/strong> tabirleri yer ald\u0131. <\/p>\n<p> <span><strong>YEN\u0130 TEKN\u0130K Y\u00d6NET\u0130C\u0130 ARBELOA OLDU!<\/strong><\/span><\/p>\n<p> <span><strong>Real Madrid, teknik y\u00f6neticilik vazifesine Alvaro Arbeloa&#8217;n\u0131n getirildi\u011fini a\u00e7\u0131klad\u0131.<\/strong><\/span><\/p>\n<p> <strong>ALONSO NASIL GELM\u0130\u015eT\u0130?<\/strong><\/p>\n<p> Ge\u00e7ti\u011fimiz May\u0131s ay\u0131nda kul\u00fcb\u00fcn efsanele\u015fen Carlo Ancelotti ile yollar\u0131n\u0131 ay\u0131ran Real Madrid, vazifeye uzun y\u0131llar eflatun-beyazl\u0131 formay\u0131 terletmi\u015f olan Xabi Alonso&#8217;yu getirmi\u015fti.<\/p>\n<p> Alman tak\u0131m\u0131 Bayer Leverkusen&#8217;i tarihinde birinci sefer Bundesliga \u015fampiyonlu\u011funa ta\u015f\u0131yan; Almanya Kupas\u0131 ve Almanya Harika Kupas\u0131&#8217;nda da zafere uzanan Xabi Alonso ile 2028 y\u0131l\u0131na kadar mukavele imzalanm\u0131\u015ft\u0131.<\/p>\n<p> <strong>REAL MADRID PERFORMANSI<\/strong><\/p>\n<p> \u0130spanyol teknik adam Real Madrid&#8217;in ba\u015f\u0131nda 28 resmi ma\u00e7ta 20 galibiyet, 3 beraberlik ve 5 yenilgilik bir performans sergiledi.\u00a0<\/p><\/div>\n","protected":false},"excerpt":{"rendered":"<p>Real Madrid, Xabi Alonso&#8217;nun vazifesine son verildi\u011fini a\u00e7\u0131klad\u0131. Eflatun beyazl\u0131lar yerine Arbeloa&#8217;n\u0131n getirildi\u011fini duyurdu.<\/p>\n","protected":false},"author":1,"featured_media":48964,"comment_status":"open","ping_status":"open","sticky":false,"template":"","format":"standard","meta":{"footnotes":""},"categories":[25],"tags":[364,351,3709],"class_list":["post-48963","post","type-post","status-publish","format-standard","has-post-thumbnail","hentry","category-futbol","tag-real-madrid","tag-teknik","tag-xabi-alonso"],"_links":{"self":[{"href":"https:\/\/haberbesiktas.tr\/index.php?rest_route=\/wp\/v2\/posts\/48963","targetHints":{"allow":["GET"]}}],"collection":[{"href":"https:\/\/haberbesiktas.tr\/index.php?rest_route=\/wp\/v2\/posts"}],"about":[{"href":"https:\/\/haberbesiktas.tr\/index.php?rest_route=\/wp\/v2\/types\/post"}],"author":[{"embeddable":true,"href":"https:\/\/haberbesiktas.tr\/index.php?rest_route=\/wp\/v2\/users\/1"}],"replies":[{"embeddable":true,"href":"https:\/\/haberbesiktas.tr\/index.php?rest_route=%2Fwp%2Fv2%2Fcomments&post=48963"}],"version-history":[{"count":1,"href":"https:\/\/haberbesiktas.tr\/index.php?rest_route=\/wp\/v2\/posts\/48963\/revisions"}],"predecessor-version":[{"id":48965,"href":"https:\/\/haberbesiktas.tr\/index.php?rest_route=\/wp\/v2\/posts\/48963\/revisions\/48965"}],"wp:featuredmedia":[{"embeddable":true,"href":"https:\/\/haberbesiktas.tr\/index.php?rest_route=\/wp\/v2\/media\/48964"}],"wp:attachment":[{"href":"https:\/\/haberbesiktas.tr\/index.php?rest_route=%2Fwp%2Fv2%2Fmedia&parent=48963"}],"wp:term":[{"taxonomy":"category","embeddable":true,"href":"https:\/\/haberbesiktas.tr\/index.php?rest_route=%2Fwp%2Fv2%2Fcategories&post=48963"},{"taxonomy":"post_tag","embeddable":true,"href":"https:\/\/haberbesiktas.tr\/index.php?rest_route=%2Fwp%2Fv2%2Ftags&post=48963"}],"curies":[{"name":"wp","href":"https:\/\/api.w.org\/{rel}","templated":true}]}}