{"id":48966,"date":"2026-01-13T05:12:07","date_gmt":"2026-01-13T05:12:07","guid":{"rendered":"https:\/\/haberbesiktas.tr\/?p=48966"},"modified":"2026-01-13T05:12:07","modified_gmt":"2026-01-13T05:12:07","slug":"fenerbahceden-kante-bombasi-resmi-teklif-yapildi","status":"publish","type":"post","link":"https:\/\/haberbesiktas.tr\/?p=48966","title":{"rendered":"Fenerbah\u00e7e&#8217;den Kante bombas\u0131! Resmi teklif yap\u0131ld\u0131"},"content":{"rendered":"<div>\n<div>Fenerbah\u00e7e, transfer piyasas\u0131n\u0131 sarsacak bir at\u0131l\u0131ma haz\u0131rlan\u0131yor.<\/div>\n<div>\u00a0<\/div>\n<div>Sar\u0131-lacivertli kul\u00fcb\u00fcn, d\u00fcnya futbolunun de\u011ferli orta saha oyuncular\u0131ndan N&#8217;Golo Kante i\u00e7in resmi teklif yapt\u0131\u011f\u0131 \u00f6\u011frenildi.<\/div>\n<div>\u00a0<\/div>\n<div>Ya\u011f\u0131z Sabuncuo\u011flu&#8217;nun haberine nazaran Fenerbah\u00e7e idaresi, y\u0131ld\u0131z futbolcunun transferiyle ilgili s\u00fcreci h\u0131zland\u0131rd\u0131.<\/div>\n<div>\u00a0<\/div>\n<div>Bu kapsamda (yar\u0131n) 13 Ocak Sal\u0131 g\u00fcn\u00fc, Kante&#8217;nin menajeri ile kritik bir g\u00f6r\u00fc\u015fme ger\u00e7ekle\u015ftirilecek.<\/div>\n<\/p><\/div>\n","protected":false},"excerpt":{"rendered":"<p>Fenerbah\u00e7e, d\u00fcnya futbolunun y\u0131ld\u0131z orta alan\u0131 N&#8217;Golo Kante i\u00e7in resmi teklifte bulundu.<\/p>\n","protected":false},"author":1,"featured_media":48967,"comment_status":"open","ping_status":"open","sticky":false,"template":"","format":"standard","meta":{"footnotes":""},"categories":[25],"tags":[],"class_list":["post-48966","post","type-post","status-publish","format-standard","has-post-thumbnail","hentry","category-futbol"],"_links":{"self":[{"href":"https:\/\/haberbesiktas.tr\/index.php?rest_route=\/wp\/v2\/posts\/48966","targetHints":{"allow":["GET"]}}],"collection":[{"href":"https:\/\/haberbesiktas.tr\/index.php?rest_route=\/wp\/v2\/posts"}],"about":[{"href":"https:\/\/haberbesiktas.tr\/index.php?rest_route=\/wp\/v2\/types\/post"}],"author":[{"embeddable":true,"href":"https:\/\/haberbesiktas.tr\/index.php?rest_route=\/wp\/v2\/users\/1"}],"replies":[{"embeddable":true,"href":"https:\/\/haberbesiktas.tr\/index.php?rest_route=%2Fwp%2Fv2%2Fcomments&post=48966"}],"version-history":[{"count":1,"href":"https:\/\/haberbesiktas.tr\/index.php?rest_route=\/wp\/v2\/posts\/48966\/revisions"}],"predecessor-version":[{"id":48968,"href":"https:\/\/haberbesiktas.tr\/index.php?rest_route=\/wp\/v2\/posts\/48966\/revisions\/48968"}],"wp:featuredmedia":[{"embeddable":true,"href":"https:\/\/haberbesiktas.tr\/index.php?rest_route=\/wp\/v2\/media\/48967"}],"wp:attachment":[{"href":"https:\/\/haberbesiktas.tr\/index.php?rest_route=%2Fwp%2Fv2%2Fmedia&parent=48966"}],"wp:term":[{"taxonomy":"category","embeddable":true,"href":"https:\/\/haberbesiktas.tr\/index.php?rest_route=%2Fwp%2Fv2%2Fcategories&post=48966"},{"taxonomy":"post_tag","embeddable":true,"href":"https:\/\/haberbesiktas.tr\/index.php?rest_route=%2Fwp%2Fv2%2Ftags&post=48966"}],"curies":[{"name":"wp","href":"https:\/\/api.w.org\/{rel}","templated":true}]}}