{"id":48969,"date":"2026-01-13T05:24:05","date_gmt":"2026-01-13T05:24:05","guid":{"rendered":"https:\/\/haberbesiktas.tr\/?p=48969"},"modified":"2026-01-13T05:24:05","modified_gmt":"2026-01-13T05:24:05","slug":"real-madrid-xabi-alonsoyu-gorevden-aldi-jet-hizinda-yerine-gelen-ismi-acikladi","status":"publish","type":"post","link":"https:\/\/haberbesiktas.tr\/?p=48969","title":{"rendered":"Real Madrid Xabi Alonso&#8217;yu g\u00f6revden ald\u0131, jet h\u0131z\u0131nda yerine gelen ismi a\u00e7\u0131klad\u0131"},"content":{"rendered":"<div>\n<p>\u0130spanyol devi Real Madrid&#8217;de teknik y\u00f6netici Xabi Alonso ile yollar resmen ayr\u0131ld\u0131. Eflatun-beyazl\u0131 kul\u00fcp, ayr\u0131l\u0131\u011f\u0131 toplumsal medya hesaplar\u0131ndan yapt\u0131\u011f\u0131 a\u00e7\u0131klamayla kamuoyuna duyurdu.<\/p>\n<p> Real Madrid taraf\u0131ndan yap\u0131lan a\u00e7\u0131klamada, kul\u00fcp ile Xabi Alonso ortas\u0131nda kar\u015f\u0131l\u0131kl\u0131 muahede sa\u011fland\u0131\u011f\u0131 ve A grup teknik y\u00f6neticili\u011fi vazifesine son verildi\u011fi belirtilerek \u015fu s\u00f6zlere yer verildi:<\/p>\n<p> <strong>&#8220;Xabi Alonso, Real Madrid&#8217;in bir efsanesi olmas\u0131 ve kul\u00fcb\u00fcm\u00fcz\u00fcn pahalar\u0131n\u0131 her vakit en yeterli formda temsil etmesi nedeniyle t\u00fcm madridistalar\u0131n sevgisini ve takdirini hep \u00fczerinde ta\u015f\u0131yacakt\u0131r. Real Madrid her vakit onun meskeni olacakt\u0131r. Bu m\u00fcddet boyunca g\u00f6sterdi\u011fi \u00e7al\u0131\u015fma ve \u00f6zveri i\u00e7in kendisine ve teknik tak\u0131m\u0131na te\u015fekk\u00fcr eder, hayatlar\u0131n\u0131n yeni periyodunda bol baht dileriz.&#8221;<\/strong> <\/p>\n<p> <strong>YEN\u0130 TEKN\u0130K Y\u00d6NET\u0130C\u0130 ARBELOA<\/strong><\/p>\n<p> Real Madrid, bo\u015falan teknik y\u00f6neticilik koltu\u011funa Alvaro Arbeloa&#8217;y\u0131 getirdi\u011fini a\u00e7\u0131klad\u0131. Arbeloa, Haziran 2025&#8217;ten bu yana kul\u00fcb\u00fcn ikinci grubunda teknik y\u00f6neticilik vazifesini y\u00fcr\u00fct\u00fcyordu.\u00a0<\/p>\n<p> <strong>ALONSO NASIL GELM\u0130\u015eT\u0130?<\/strong><\/p>\n<p> Real Madrid, ge\u00e7ti\u011fimiz may\u0131s ay\u0131nda kul\u00fcb\u00fcn efsane teknik y\u00f6neticisi Carlo Ancelotti ile yollar\u0131n\u0131 ay\u0131rm\u0131\u015f, vazifeye uzun y\u0131llar kul\u00fcp formas\u0131n\u0131 giyen Xabi Alonso&#8217;yu getirmi\u015fti.<\/p>\n<p> Alonso, Bayer Leverkusen&#8217;i tarihinde birinci kere Bundesliga \u015fampiyonlu\u011funa ta\u015f\u0131m\u0131\u015f; Almanya Kupas\u0131 ve Almanya Muhte\u015fem Kupas\u0131&#8217;n\u0131 da kazanm\u0131\u015ft\u0131. \u0130spanyol teknik adamla 2028 y\u0131l\u0131na kadar kontrat imzalanm\u0131\u015ft\u0131.<\/p>\n<p> <strong>PERFORMANSI<\/strong><\/p>\n<p> <span>\u0130spanyol teknik adam Real Madrid&#8217;in ba\u015f\u0131nda 34 ma\u00e7ta 24 galibiyet, 4 beraberlik ve 6 yenilgilik bir performans sergiledi.\u00a0<\/span><\/p><\/div>\n","protected":false},"excerpt":{"rendered":"<p>Real Madrid, Xabi Alonso&#8217;nun misyonuna son verildi\u011fini a\u00e7\u0131klad\u0131. Eflatun beyazl\u0131lar yerine Arbeloa&#8217;n\u0131n getirildi\u011fini duyurdu.<\/p>\n","protected":false},"author":1,"featured_media":48970,"comment_status":"open","ping_status":"open","sticky":false,"template":"","format":"standard","meta":{"footnotes":""},"categories":[25],"tags":[2983,364,478],"class_list":["post-48969","post","type-post","status-publish","format-standard","has-post-thumbnail","hentry","category-futbol","tag-alonso","tag-real-madrid","tag-teknik-direktor"],"_links":{"self":[{"href":"https:\/\/haberbesiktas.tr\/index.php?rest_route=\/wp\/v2\/posts\/48969","targetHints":{"allow":["GET"]}}],"collection":[{"href":"https:\/\/haberbesiktas.tr\/index.php?rest_route=\/wp\/v2\/posts"}],"about":[{"href":"https:\/\/haberbesiktas.tr\/index.php?rest_route=\/wp\/v2\/types\/post"}],"author":[{"embeddable":true,"href":"https:\/\/haberbesiktas.tr\/index.php?rest_route=\/wp\/v2\/users\/1"}],"replies":[{"embeddable":true,"href":"https:\/\/haberbesiktas.tr\/index.php?rest_route=%2Fwp%2Fv2%2Fcomments&post=48969"}],"version-history":[{"count":1,"href":"https:\/\/haberbesiktas.tr\/index.php?rest_route=\/wp\/v2\/posts\/48969\/revisions"}],"predecessor-version":[{"id":48971,"href":"https:\/\/haberbesiktas.tr\/index.php?rest_route=\/wp\/v2\/posts\/48969\/revisions\/48971"}],"wp:featuredmedia":[{"embeddable":true,"href":"https:\/\/haberbesiktas.tr\/index.php?rest_route=\/wp\/v2\/media\/48970"}],"wp:attachment":[{"href":"https:\/\/haberbesiktas.tr\/index.php?rest_route=%2Fwp%2Fv2%2Fmedia&parent=48969"}],"wp:term":[{"taxonomy":"category","embeddable":true,"href":"https:\/\/haberbesiktas.tr\/index.php?rest_route=%2Fwp%2Fv2%2Fcategories&post=48969"},{"taxonomy":"post_tag","embeddable":true,"href":"https:\/\/haberbesiktas.tr\/index.php?rest_route=%2Fwp%2Fv2%2Ftags&post=48969"}],"curies":[{"name":"wp","href":"https:\/\/api.w.org\/{rel}","templated":true}]}}