{"id":48975,"date":"2026-01-13T05:48:04","date_gmt":"2026-01-13T05:48:04","guid":{"rendered":"https:\/\/haberbesiktas.tr\/?p=48975"},"modified":"2026-01-13T05:48:04","modified_gmt":"2026-01-13T05:48:04","slug":"besiktas-ayriligi-duyurdu-dakikalar-sonra-yeni-takimi-acikladi","status":"publish","type":"post","link":"https:\/\/haberbesiktas.tr\/?p=48975","title":{"rendered":"Be\u015fikta\u015f ayr\u0131l\u0131\u011f\u0131 duyurdu, dakikalar sonra yeni tak\u0131m\u0131 a\u00e7\u0131klad\u0131!"},"content":{"rendered":"<div>\n<div>\n<p>\u00c7ekya grubu Slavia Prag, eski futbolcusu David Jurasek&#8217;i transfer etti\u011fini duyurdu.<\/p>\n<div> Kul\u00fcb\u00fcn sitesinden yap\u0131lan a\u00e7\u0131klamada, 25 ya\u015f\u0131ndaki sol bekin transferi i\u00e7in Benfica ile mutabakata var\u0131ld\u0131\u011f\u0131 ve Jurasek ile 3,5 y\u0131ll\u0131k kontrat imzaland\u0131\u011f\u0131 kaydedildi.<\/p>\n<p> <strong>&#8220;GER\u0130 D\u00d6ND\u00dc\u011e\u00dcM \u0130\u00c7\u0130N MUTLUYUM&#8221;<\/strong> <\/p>\n<p> Kul\u00fcb\u00fcn sitesine konu\u015fan Jurasek<strong>, &#8220;Slavia Prag, benim i\u00e7in her vakit \u00f6zel bir yer oldu. Tan\u0131d\u0131\u011f\u0131m ortama geri d\u00f6nd\u00fc\u011f\u00fcm i\u00e7in memnunum ve kadroyla \u00e7al\u0131\u015fmay\u0131, stattaki atmosferi sab\u0131rs\u0131zl\u0131kla bekliyorum.&#8221;<\/strong> s\u00f6zlerini kulland\u0131.<\/p>\n<p> Be\u015fikta\u015f, d\u00f6nem ba\u015f\u0131nda Benfica&#8217;dan kiral\u0131k olarak renklerine ba\u011flad\u0131\u011f\u0131 Jurasek&#8217;in mukavelesini feshetmi\u015fti.<\/p>\n<div><strong>BE\u015e\u0130KTA\u015e&#8217;TAN A\u00c7IKLAMA<\/strong><\/div>\n<div> Siyah-beyazl\u0131 kul\u00fcpten yap\u0131lan a\u00e7\u0131klamada, <strong>&#8220;2025-26 d\u00f6nemi ba\u015f\u0131nda Futbol A Tak\u0131m\u0131&#8217;m\u0131za kat\u0131lan profesyonel futbolcu David Jurasek&#8217;le yollar\u0131m\u0131z\u0131 ay\u0131rm\u0131\u015f bulunmaktay\u0131z. David Jurasek&#8217;e kul\u00fcb\u00fcm\u00fcze katk\u0131lar\u0131 nedeniyle te\u015fekk\u00fcr eder, kamuoyunun bilgisine h\u00fcrmetlerimizle sunar\u0131z.&#8221;<\/strong> s\u00f6zleri kullan\u0131ld\u0131.<\/p>\n<p> <img decoding=\"async\" src=\"https:\/\/haberbesiktas.tr\/wp-content\/uploads\/2026\/01\/besiktas-ayriligi-duyurdu-dakikalar-sonra-yeni-takimi-acikladi-0-zIv2SsQO.jpeg\"\/><\/p>\n<p> David Jurasek, Be\u015fikta\u015f formas\u0131yla 17 ma\u00e7ta vazife ald\u0131.<\/p><\/div>\n<\/p><\/div>\n<\/p><\/div>\n<\/p><\/div>\n","protected":false},"excerpt":{"rendered":"<p>Be\u015fikta\u015f, \u00c7ek sol bek oyuncusu David Jurasek ile yollar\u0131n\u0131 ay\u0131rd\u0131\u011f\u0131n\u0131 a\u00e7\u0131klad\u0131.<\/p>\n","protected":false},"author":1,"featured_media":48976,"comment_status":"open","ping_status":"open","sticky":false,"template":"","format":"standard","meta":{"footnotes":""},"categories":[25],"tags":[3710],"class_list":["post-48975","post","type-post","status-publish","format-standard","has-post-thumbnail","hentry","category-futbol","tag-jurasek"],"_links":{"self":[{"href":"https:\/\/haberbesiktas.tr\/index.php?rest_route=\/wp\/v2\/posts\/48975","targetHints":{"allow":["GET"]}}],"collection":[{"href":"https:\/\/haberbesiktas.tr\/index.php?rest_route=\/wp\/v2\/posts"}],"about":[{"href":"https:\/\/haberbesiktas.tr\/index.php?rest_route=\/wp\/v2\/types\/post"}],"author":[{"embeddable":true,"href":"https:\/\/haberbesiktas.tr\/index.php?rest_route=\/wp\/v2\/users\/1"}],"replies":[{"embeddable":true,"href":"https:\/\/haberbesiktas.tr\/index.php?rest_route=%2Fwp%2Fv2%2Fcomments&post=48975"}],"version-history":[{"count":1,"href":"https:\/\/haberbesiktas.tr\/index.php?rest_route=\/wp\/v2\/posts\/48975\/revisions"}],"predecessor-version":[{"id":48978,"href":"https:\/\/haberbesiktas.tr\/index.php?rest_route=\/wp\/v2\/posts\/48975\/revisions\/48978"}],"wp:featuredmedia":[{"embeddable":true,"href":"https:\/\/haberbesiktas.tr\/index.php?rest_route=\/wp\/v2\/media\/48976"}],"wp:attachment":[{"href":"https:\/\/haberbesiktas.tr\/index.php?rest_route=%2Fwp%2Fv2%2Fmedia&parent=48975"}],"wp:term":[{"taxonomy":"category","embeddable":true,"href":"https:\/\/haberbesiktas.tr\/index.php?rest_route=%2Fwp%2Fv2%2Fcategories&post=48975"},{"taxonomy":"post_tag","embeddable":true,"href":"https:\/\/haberbesiktas.tr\/index.php?rest_route=%2Fwp%2Fv2%2Ftags&post=48975"}],"curies":[{"name":"wp","href":"https:\/\/api.w.org\/{rel}","templated":true}]}}