{"id":48979,"date":"2026-01-13T06:00:04","date_gmt":"2026-01-13T06:00:04","guid":{"rendered":"https:\/\/haberbesiktas.tr\/?p=48979"},"modified":"2026-01-13T06:00:04","modified_gmt":"2026-01-13T06:00:04","slug":"besiktas-nuno-tavarese-cok-yakin","status":"publish","type":"post","link":"https:\/\/haberbesiktas.tr\/?p=48979","title":{"rendered":"Be\u015fikta\u015f, Nuno Tavares&#8217;e \u00e7ok yak\u0131n!"},"content":{"rendered":"<div>\n<div>Be\u015fikta\u015f&#8217;ta orta transfer periyodunda yeni destekler i\u00e7in \u00e7al\u0131\u015fmalar devam ediyor.<\/div>\n<div>\u00a0<\/div>\n<div>Bu s\u00fcre\u00e7te en \u00e7ok \u00f6ne \u00e7\u0131kan isim ise Lazio&#8217;nun sol beki Nuno Tavares oldu.<\/div>\n<div>\u00a0<\/div>\n<div>Di Marizo&#8217;nun aktard\u0131\u011f\u0131na nazaran Be\u015fikta\u015f, Portekizli y\u0131ld\u0131z\u0131 kiral\u0131k olarak tak\u0131m\u0131na katmak \u00fczere.<\/div>\n<div>\u00a0<\/div>\n<div>Haberin devam\u0131nda ise mecbur\u00ee sat\u0131n alma unsurunun 10 milyon euro oldu\u011fu belirtildi.<\/div>\n<div>\u00a0<\/div>\n<div><strong>BU D\u00d6NEM PERFORMANSI<\/strong><\/div>\n<div>\u00a0<\/div>\n<div>Lazio&#8217;da bu d\u00f6nem 10 ma\u00e7ta m\u00fchlet bulan 25 ya\u015f\u0131ndaki sol bek Nuno Tavares, 1 asist yapt\u0131.<\/div>\n<\/p><\/div>\n","protected":false},"excerpt":{"rendered":"<p>Be\u015fikta\u015f, orta transfer periyodunda Lazio&#8217;nun sol beki Nuno Tavares i\u00e7in de\u011ferli ara kat etti.<\/p>\n","protected":false},"author":1,"featured_media":48980,"comment_status":"open","ping_status":"open","sticky":false,"template":"","format":"standard","meta":{"footnotes":""},"categories":[25],"tags":[],"class_list":["post-48979","post","type-post","status-publish","format-standard","has-post-thumbnail","hentry","category-futbol"],"_links":{"self":[{"href":"https:\/\/haberbesiktas.tr\/index.php?rest_route=\/wp\/v2\/posts\/48979","targetHints":{"allow":["GET"]}}],"collection":[{"href":"https:\/\/haberbesiktas.tr\/index.php?rest_route=\/wp\/v2\/posts"}],"about":[{"href":"https:\/\/haberbesiktas.tr\/index.php?rest_route=\/wp\/v2\/types\/post"}],"author":[{"embeddable":true,"href":"https:\/\/haberbesiktas.tr\/index.php?rest_route=\/wp\/v2\/users\/1"}],"replies":[{"embeddable":true,"href":"https:\/\/haberbesiktas.tr\/index.php?rest_route=%2Fwp%2Fv2%2Fcomments&post=48979"}],"version-history":[{"count":1,"href":"https:\/\/haberbesiktas.tr\/index.php?rest_route=\/wp\/v2\/posts\/48979\/revisions"}],"predecessor-version":[{"id":48981,"href":"https:\/\/haberbesiktas.tr\/index.php?rest_route=\/wp\/v2\/posts\/48979\/revisions\/48981"}],"wp:featuredmedia":[{"embeddable":true,"href":"https:\/\/haberbesiktas.tr\/index.php?rest_route=\/wp\/v2\/media\/48980"}],"wp:attachment":[{"href":"https:\/\/haberbesiktas.tr\/index.php?rest_route=%2Fwp%2Fv2%2Fmedia&parent=48979"}],"wp:term":[{"taxonomy":"category","embeddable":true,"href":"https:\/\/haberbesiktas.tr\/index.php?rest_route=%2Fwp%2Fv2%2Fcategories&post=48979"},{"taxonomy":"post_tag","embeddable":true,"href":"https:\/\/haberbesiktas.tr\/index.php?rest_route=%2Fwp%2Fv2%2Ftags&post=48979"}],"curies":[{"name":"wp","href":"https:\/\/api.w.org\/{rel}","templated":true}]}}