{"id":48985,"date":"2026-01-13T06:24:05","date_gmt":"2026-01-13T06:24:05","guid":{"rendered":"https:\/\/haberbesiktas.tr\/?p=48985"},"modified":"2026-01-13T06:24:05","modified_gmt":"2026-01-13T06:24:05","slug":"arda-gulerden-xabi-alonsoya-veda-mesaji","status":"publish","type":"post","link":"https:\/\/haberbesiktas.tr\/?p=48985","title":{"rendered":"Arda G\u00fcler&#8217;den Xabi Alonso&#8217;ya veda mesaj\u0131"},"content":{"rendered":"<div>\n<div>Real Madrid, Xabi Alonso&#8217;nun vazifesine son verildi\u011fini a\u00e7\u0131klad\u0131.<\/div>\n<div>\u00a0<\/div>\n<div>Eflatun beyazl\u0131lar yerine Arbeloa&#8217;n\u0131n getirildi\u011fini duyurdu.<\/div>\n<div>\u00a0<\/div>\n<div>Al\u0131nan bu karar\u0131n akabinde ulusal y\u0131ld\u0131z\u0131m\u0131z Arda G\u00fcler toplumsal medya \u00fczerinden Alonso i\u00e7in veda bildirisi yay\u0131mlad\u0131.<\/div>\n<div>\u00a0<\/div>\n<div><strong>\u0130\u015fte Arda G\u00fcler&#8217;in veda s\u00f6zleri:<\/strong><\/div>\n<div>\u00a0<\/div>\n<div>&#8220;Say\u0131n Xabi Alonso, birinci g\u00fcnden beri bana inand\u0131\u011f\u0131n\u0131z ve g\u00fcvendi\u011finiz i\u00e7in te\u015fekk\u00fcrler. Her konu\u015fman\u0131z, her iste\u011finiz ve verdi\u011finiz her bilgi benim oyunumu \u015fekillendirmeme ve daha da \u00fcst d\u00fczeye ula\u015fmama yard\u0131mc\u0131 oldu. Bana olan itimad\u0131n\u0131z, beni daha \u00e2l\u00e2 bir oyuncu yapt\u0131. Gelecekte size ve tak\u0131m\u0131n\u0131za muvaffakiyetler diliyorum. Bana yapt\u0131\u011f\u0131n\u0131z tesir sonsuza kadar benimle kalacak.&#8221;<\/div>\n<\/p><\/div>\n","protected":false},"excerpt":{"rendered":"<p>Real Madrid, teknik y\u00f6netici Xabi Alonso&#8217;nun vazifesine son verildi\u011fini a\u00e7\u0131klad\u0131. Bu karar\u0131n akabinde ulusal y\u0131ld\u0131z Arda G\u00fcler, toplumsal medyadan Alonso&#8217;ya duygusal bir veda bildirisi yay\u0131mlad\u0131.<\/p>\n","protected":false},"author":1,"featured_media":48986,"comment_status":"open","ping_status":"open","sticky":false,"template":"","format":"standard","meta":{"footnotes":""},"categories":[25],"tags":[],"class_list":["post-48985","post","type-post","status-publish","format-standard","has-post-thumbnail","hentry","category-futbol"],"_links":{"self":[{"href":"https:\/\/haberbesiktas.tr\/index.php?rest_route=\/wp\/v2\/posts\/48985","targetHints":{"allow":["GET"]}}],"collection":[{"href":"https:\/\/haberbesiktas.tr\/index.php?rest_route=\/wp\/v2\/posts"}],"about":[{"href":"https:\/\/haberbesiktas.tr\/index.php?rest_route=\/wp\/v2\/types\/post"}],"author":[{"embeddable":true,"href":"https:\/\/haberbesiktas.tr\/index.php?rest_route=\/wp\/v2\/users\/1"}],"replies":[{"embeddable":true,"href":"https:\/\/haberbesiktas.tr\/index.php?rest_route=%2Fwp%2Fv2%2Fcomments&post=48985"}],"version-history":[{"count":1,"href":"https:\/\/haberbesiktas.tr\/index.php?rest_route=\/wp\/v2\/posts\/48985\/revisions"}],"predecessor-version":[{"id":48987,"href":"https:\/\/haberbesiktas.tr\/index.php?rest_route=\/wp\/v2\/posts\/48985\/revisions\/48987"}],"wp:featuredmedia":[{"embeddable":true,"href":"https:\/\/haberbesiktas.tr\/index.php?rest_route=\/wp\/v2\/media\/48986"}],"wp:attachment":[{"href":"https:\/\/haberbesiktas.tr\/index.php?rest_route=%2Fwp%2Fv2%2Fmedia&parent=48985"}],"wp:term":[{"taxonomy":"category","embeddable":true,"href":"https:\/\/haberbesiktas.tr\/index.php?rest_route=%2Fwp%2Fv2%2Fcategories&post=48985"},{"taxonomy":"post_tag","embeddable":true,"href":"https:\/\/haberbesiktas.tr\/index.php?rest_route=%2Fwp%2Fv2%2Ftags&post=48985"}],"curies":[{"name":"wp","href":"https:\/\/api.w.org\/{rel}","templated":true}]}}