{"id":48994,"date":"2026-01-13T07:00:05","date_gmt":"2026-01-13T07:00:05","guid":{"rendered":"https:\/\/haberbesiktas.tr\/?p=48994"},"modified":"2026-01-13T07:00:05","modified_gmt":"2026-01-13T07:00:05","slug":"bandirmaspor-abdulkadir-parmaki-renklerine-bagladi","status":"publish","type":"post","link":"https:\/\/haberbesiktas.tr\/?p=48994","title":{"rendered":"Band\u0131rmaspor, Abdulkadir Parmak&#8217;\u0131 renklerine ba\u011flad\u0131"},"content":{"rendered":"<div>\n<p>Trendyol 1. Lig tak\u0131mlar\u0131ndan Band\u0131rmaspor, deneyimli orta saha oyuncusu Abdulkadir Parmak&#8217;\u0131 tak\u0131m\u0131na katt\u0131.<\/p>\n<p> Kul\u00fcb\u00fcn ABD merkezli X \u015firketinin toplumsal medya hesab\u0131ndan yap\u0131lan a\u00e7\u0131klamada, orta alanda oynayan Abdulkadir Parmak ile 1,5 y\u0131ll\u0131k kontrat imzaland\u0131\u011f\u0131 belirtildi.<\/p>\n<p> A\u00e7\u0131klamada, &#8220;Abdulkadir Parmak&#8217;a &#8216;Ailemize be\u011fenilen geldin&#8217; diyor, Band\u0131rmasporumuz ile ka\u00e7 zaferler ve \u015fampiyonluklar diliyoruz.&#8221; s\u00f6zlerine yer verildi.<\/p>\n<p><img decoding=\"async\" src=\"https:\/\/haberbesiktas.tr\/wp-content\/uploads\/2026\/01\/bandirmaspor-abdulkadir-parmaki-renklerine-bagladi-0-cxkDuttm.jpeg\"\/><\/p>\n<\/div>\n","protected":false},"excerpt":{"rendered":"<p>1. Lig tak\u0131mlar\u0131ndan Band\u0131rmaspor, deneyimli orta saha oyuncusu Abdulkadir Parmak&#8217;\u0131 tak\u0131m\u0131na katt\u0131\u011f\u0131n\u0131 a\u00e7\u0131klad\u0131.<\/p>\n","protected":false},"author":1,"featured_media":48995,"comment_status":"open","ping_status":"open","sticky":false,"template":"","format":"standard","meta":{"footnotes":""},"categories":[25],"tags":[],"class_list":["post-48994","post","type-post","status-publish","format-standard","has-post-thumbnail","hentry","category-futbol"],"_links":{"self":[{"href":"https:\/\/haberbesiktas.tr\/index.php?rest_route=\/wp\/v2\/posts\/48994","targetHints":{"allow":["GET"]}}],"collection":[{"href":"https:\/\/haberbesiktas.tr\/index.php?rest_route=\/wp\/v2\/posts"}],"about":[{"href":"https:\/\/haberbesiktas.tr\/index.php?rest_route=\/wp\/v2\/types\/post"}],"author":[{"embeddable":true,"href":"https:\/\/haberbesiktas.tr\/index.php?rest_route=\/wp\/v2\/users\/1"}],"replies":[{"embeddable":true,"href":"https:\/\/haberbesiktas.tr\/index.php?rest_route=%2Fwp%2Fv2%2Fcomments&post=48994"}],"version-history":[{"count":1,"href":"https:\/\/haberbesiktas.tr\/index.php?rest_route=\/wp\/v2\/posts\/48994\/revisions"}],"predecessor-version":[{"id":48997,"href":"https:\/\/haberbesiktas.tr\/index.php?rest_route=\/wp\/v2\/posts\/48994\/revisions\/48997"}],"wp:featuredmedia":[{"embeddable":true,"href":"https:\/\/haberbesiktas.tr\/index.php?rest_route=\/wp\/v2\/media\/48995"}],"wp:attachment":[{"href":"https:\/\/haberbesiktas.tr\/index.php?rest_route=%2Fwp%2Fv2%2Fmedia&parent=48994"}],"wp:term":[{"taxonomy":"category","embeddable":true,"href":"https:\/\/haberbesiktas.tr\/index.php?rest_route=%2Fwp%2Fv2%2Fcategories&post=48994"},{"taxonomy":"post_tag","embeddable":true,"href":"https:\/\/haberbesiktas.tr\/index.php?rest_route=%2Fwp%2Fv2%2Ftags&post=48994"}],"curies":[{"name":"wp","href":"https:\/\/api.w.org\/{rel}","templated":true}]}}