{"id":49025,"date":"2026-01-13T08:48:05","date_gmt":"2026-01-13T08:48:05","guid":{"rendered":"https:\/\/haberbesiktas.tr\/?p=49025"},"modified":"2026-01-13T08:48:05","modified_gmt":"2026-01-13T08:48:05","slug":"manchester-cityden-kayseriye-katongo-geldi","status":"publish","type":"post","link":"https:\/\/haberbesiktas.tr\/?p=49025","title":{"rendered":"Manchester City&#8217;den Kayseri&#8217;ye: Katongo geldi!"},"content":{"rendered":"<div>\n<p>Ligin ikinci yar\u0131s\u0131 haz\u0131rl\u0131klar\u0131n\u0131 Antalya Belek&#8217;te yapt\u0131\u011f\u0131 kampla tamamlayan Kayserispor&#8217;da gruba yeni transferler kat\u0131lmaya devam ediyor.<\/p>\n<p><strong>KAYSER\u0130&#8217;YE GELD\u0130<\/strong><\/p>\n<p> \u0130\u00e7 Anadolu grubu son olarak Manchester City U21 kadrosunda forma giyen<strong> Jadel Katongo<\/strong>&#8216;yu tak\u0131m\u0131na katt\u0131. Sar\u0131 k\u0131rm\u0131z\u0131l\u0131 ekibin prensip mutabakat\u0131na vard\u0131\u011f\u0131 21 ya\u015f\u0131ndaki \u0130ngiliz futbolcu Kayseri&#8217;ye geldi.<\/p>\n<p> Katongo, kentte bir k\u00fcme Kayserispor taraftar\u0131 taraf\u0131ndan kar\u015f\u0131lan\u0131rken, sar\u0131-k\u0131rm\u0131z\u0131l\u0131 grubun taraftar k\u00fcmesi Kapal\u0131 Kale&#8217;de sanal medya hesab\u0131ndan Katongo&#8217;ya be\u011fenilen geldin payla\u015f\u0131m\u0131 yapt\u0131. <\/p>\n<p>Taraftar k\u00fcmesinin sanal medya hesab\u0131ndan yap\u0131lan payla\u015f\u0131mda,<strong> &#8220;Yeni transferimiz Jadel Katongo kentimize gelmi\u015ftir. Oyuncumuza ulu Kayserispor formas\u0131 alt\u0131nda bir\u00e7ok muvaffakiyetler diliyoruz. B\u00fcy\u00fck Kayserispor toplulu\u011fumuza iyi olsun&#8221;<\/strong> s\u00f6zleri yer ald\u0131.<\/p>\n<p><img decoding=\"async\" src=\"https:\/\/haberbesiktas.tr\/wp-content\/uploads\/2026\/01\/manchester-cityden-kayseriye-katongo-geldi-0-cLWpQpr1.png\"\/> <\/p>\n<\/div>\n","protected":false},"excerpt":{"rendered":"<p>Kayserispor&#8217;un, Manchester City U21 grubunda tak\u0131m\u0131na katt\u0131\u011f\u0131 Jadel Katongo, Kayseri&#8217;ye geldi.<\/p>\n","protected":false},"author":1,"featured_media":49026,"comment_status":"open","ping_status":"open","sticky":false,"template":"","format":"standard","meta":{"footnotes":""},"categories":[25],"tags":[],"class_list":["post-49025","post","type-post","status-publish","format-standard","has-post-thumbnail","hentry","category-futbol"],"_links":{"self":[{"href":"https:\/\/haberbesiktas.tr\/index.php?rest_route=\/wp\/v2\/posts\/49025","targetHints":{"allow":["GET"]}}],"collection":[{"href":"https:\/\/haberbesiktas.tr\/index.php?rest_route=\/wp\/v2\/posts"}],"about":[{"href":"https:\/\/haberbesiktas.tr\/index.php?rest_route=\/wp\/v2\/types\/post"}],"author":[{"embeddable":true,"href":"https:\/\/haberbesiktas.tr\/index.php?rest_route=\/wp\/v2\/users\/1"}],"replies":[{"embeddable":true,"href":"https:\/\/haberbesiktas.tr\/index.php?rest_route=%2Fwp%2Fv2%2Fcomments&post=49025"}],"version-history":[{"count":1,"href":"https:\/\/haberbesiktas.tr\/index.php?rest_route=\/wp\/v2\/posts\/49025\/revisions"}],"predecessor-version":[{"id":49028,"href":"https:\/\/haberbesiktas.tr\/index.php?rest_route=\/wp\/v2\/posts\/49025\/revisions\/49028"}],"wp:featuredmedia":[{"embeddable":true,"href":"https:\/\/haberbesiktas.tr\/index.php?rest_route=\/wp\/v2\/media\/49026"}],"wp:attachment":[{"href":"https:\/\/haberbesiktas.tr\/index.php?rest_route=%2Fwp%2Fv2%2Fmedia&parent=49025"}],"wp:term":[{"taxonomy":"category","embeddable":true,"href":"https:\/\/haberbesiktas.tr\/index.php?rest_route=%2Fwp%2Fv2%2Fcategories&post=49025"},{"taxonomy":"post_tag","embeddable":true,"href":"https:\/\/haberbesiktas.tr\/index.php?rest_route=%2Fwp%2Fv2%2Ftags&post=49025"}],"curies":[{"name":"wp","href":"https:\/\/api.w.org\/{rel}","templated":true}]}}