{"id":49029,"date":"2026-01-13T09:00:06","date_gmt":"2026-01-13T09:00:06","guid":{"rendered":"https:\/\/haberbesiktas.tr\/?p=49029"},"modified":"2026-01-13T09:00:06","modified_gmt":"2026-01-13T09:00:06","slug":"hull-city-fa-cupta-chelsea-ile-eslesti","status":"publish","type":"post","link":"https:\/\/haberbesiktas.tr\/?p=49029","title":{"rendered":"Hull City, FA Cup&#8217;ta Chelsea ile e\u015fle\u015fti!"},"content":{"rendered":"<div>\n<p>\u0130ngiltere FA Cup&#8217;ta (\u0130ngiltere Federasyonu Kupas\u0131) 4&#8217;\u00fcnc\u00fc cinse y\u00fckselen Hull City, Chelsea&#8217;ye rakip oldu.\u00a0<\/p>\n<p> FA Cup 3&#8217;\u00fcnc\u00fc \u00e7e\u015fidinde alan\u0131nda Blackburn Rovers ile kar\u015f\u0131la\u015fan Hull City, penalt\u0131 at\u0131\u015flar\u0131nda rakibine 4-3 \u00fcst\u00fcnl\u00fck sa\u011flayarak ismini 4&#8217;\u00fcnc\u00fc \u00e7e\u015fide yazd\u0131rm\u0131\u015ft\u0131.<\/p>\n<p> Acun Il\u0131cal\u0131&#8217;n\u0131n sahibi oldu\u011fu Hull City&#8217;nin, \u0130ngiltere FA Cup 4&#8217;\u00fcnc\u00fc cinsindeki rakibi Chelsea oldu. \u0130ki kadro 14 \u015eubat&#8217;ta bir \u00fcst cinse y\u00fckselmek i\u00e7in kar\u015f\u0131 kar\u015f\u0131ya gelecek.<\/p>\n<\/div>\n","protected":false},"excerpt":{"rendered":"<p>Acun Il\u0131cal\u0131&#8217;n\u0131n grubu Hull City, \u0130ngiltere FA Cup&#8217;ta 4&#8217;\u00fcnc\u00fc cinsinde Chelsea ile e\u015fle\u015fti.<\/p>\n","protected":false},"author":1,"featured_media":49030,"comment_status":"open","ping_status":"open","sticky":false,"template":"","format":"standard","meta":{"footnotes":""},"categories":[25],"tags":[],"class_list":["post-49029","post","type-post","status-publish","format-standard","has-post-thumbnail","hentry","category-futbol"],"_links":{"self":[{"href":"https:\/\/haberbesiktas.tr\/index.php?rest_route=\/wp\/v2\/posts\/49029","targetHints":{"allow":["GET"]}}],"collection":[{"href":"https:\/\/haberbesiktas.tr\/index.php?rest_route=\/wp\/v2\/posts"}],"about":[{"href":"https:\/\/haberbesiktas.tr\/index.php?rest_route=\/wp\/v2\/types\/post"}],"author":[{"embeddable":true,"href":"https:\/\/haberbesiktas.tr\/index.php?rest_route=\/wp\/v2\/users\/1"}],"replies":[{"embeddable":true,"href":"https:\/\/haberbesiktas.tr\/index.php?rest_route=%2Fwp%2Fv2%2Fcomments&post=49029"}],"version-history":[{"count":1,"href":"https:\/\/haberbesiktas.tr\/index.php?rest_route=\/wp\/v2\/posts\/49029\/revisions"}],"predecessor-version":[{"id":49031,"href":"https:\/\/haberbesiktas.tr\/index.php?rest_route=\/wp\/v2\/posts\/49029\/revisions\/49031"}],"wp:featuredmedia":[{"embeddable":true,"href":"https:\/\/haberbesiktas.tr\/index.php?rest_route=\/wp\/v2\/media\/49030"}],"wp:attachment":[{"href":"https:\/\/haberbesiktas.tr\/index.php?rest_route=%2Fwp%2Fv2%2Fmedia&parent=49029"}],"wp:term":[{"taxonomy":"category","embeddable":true,"href":"https:\/\/haberbesiktas.tr\/index.php?rest_route=%2Fwp%2Fv2%2Fcategories&post=49029"},{"taxonomy":"post_tag","embeddable":true,"href":"https:\/\/haberbesiktas.tr\/index.php?rest_route=%2Fwp%2Fv2%2Ftags&post=49029"}],"curies":[{"name":"wp","href":"https:\/\/api.w.org\/{rel}","templated":true}]}}