{"id":49032,"date":"2026-01-13T09:12:06","date_gmt":"2026-01-13T09:12:06","guid":{"rendered":"https:\/\/haberbesiktas.tr\/?p=49032"},"modified":"2026-01-13T09:12:06","modified_gmt":"2026-01-13T09:12:06","slug":"kocaelisporda-gaziantep-fk-maci-oncesi-tek-eksik","status":"publish","type":"post","link":"https:\/\/haberbesiktas.tr\/?p=49032","title":{"rendered":"Kocaelispor&#8217;da Gaziantep FK ma\u00e7\u0131 \u00f6ncesi tek eksik!"},"content":{"rendered":"<div>Kocaelispor, Ziraat T\u00fcrkiye Kupas\u0131 C K\u00fcmesi ikinci hafta ma\u00e7\u0131nda 13 Ocak Sal\u0131 g\u00fcn\u00fc deplasmanda Gaziantep FK ile kar\u015f\u0131la\u015facak.<\/p>\n<p> Gaziantep B\u00fcy\u00fck\u015fehir Stadyumu&#8217;nda saat 18.00&#8217;de ba\u015flayacak ma\u00e7\u0131, hakem Burak Pakkan y\u00f6netecek.<\/p>\n<p> Kocaeli temsilcisi, \u00c7aykur Rizespor, Emre G\u00f6kdemir \u0130n\u015faat Ankara Ke\u00e7i\u00f6reng\u00fcc\u00fc, Be\u015fikta\u015f, Beyo\u011flu Yeni \u00c7ar\u015f\u0131 Spor Faaliyetleri, Erzurumspor FK, Fenerbah\u00e7e ve Gaziantep FK ile C K\u00fcmesi&#8217;nde yer al\u0131yor.<\/p>\n<p> Kocaelispor, k\u00fcmedeki birinci ma\u00e7\u0131nda Erzurumspor FK&#8217;yi 3-1 ma\u011flup etti.<\/p>\n<p> <strong>KOCAEL\u0130SPOR&#8217;DA TEK EKS\u0130K<\/strong><\/p>\n<p> K\u00f6rfez temsilcisinde sakatl\u0131\u011f\u0131 bulunan Mateusz Wieteska m\u00fcsabakada forma giyemeyecek.<\/p>\n<\/div>\n","protected":false},"excerpt":{"rendered":"<p>Kocaelispor, T\u00fcrkiye Kupas\u0131 C K\u00fcmesi ikinci hafta ma\u00e7\u0131nda deplasmanda Gaziantep FK ile kar\u015f\u0131 kar\u015f\u0131ya gelecek.<\/p>\n","protected":false},"author":1,"featured_media":49033,"comment_status":"open","ping_status":"open","sticky":false,"template":"","format":"standard","meta":{"footnotes":""},"categories":[25],"tags":[],"class_list":["post-49032","post","type-post","status-publish","format-standard","has-post-thumbnail","hentry","category-futbol"],"_links":{"self":[{"href":"https:\/\/haberbesiktas.tr\/index.php?rest_route=\/wp\/v2\/posts\/49032","targetHints":{"allow":["GET"]}}],"collection":[{"href":"https:\/\/haberbesiktas.tr\/index.php?rest_route=\/wp\/v2\/posts"}],"about":[{"href":"https:\/\/haberbesiktas.tr\/index.php?rest_route=\/wp\/v2\/types\/post"}],"author":[{"embeddable":true,"href":"https:\/\/haberbesiktas.tr\/index.php?rest_route=\/wp\/v2\/users\/1"}],"replies":[{"embeddable":true,"href":"https:\/\/haberbesiktas.tr\/index.php?rest_route=%2Fwp%2Fv2%2Fcomments&post=49032"}],"version-history":[{"count":1,"href":"https:\/\/haberbesiktas.tr\/index.php?rest_route=\/wp\/v2\/posts\/49032\/revisions"}],"predecessor-version":[{"id":49034,"href":"https:\/\/haberbesiktas.tr\/index.php?rest_route=\/wp\/v2\/posts\/49032\/revisions\/49034"}],"wp:featuredmedia":[{"embeddable":true,"href":"https:\/\/haberbesiktas.tr\/index.php?rest_route=\/wp\/v2\/media\/49033"}],"wp:attachment":[{"href":"https:\/\/haberbesiktas.tr\/index.php?rest_route=%2Fwp%2Fv2%2Fmedia&parent=49032"}],"wp:term":[{"taxonomy":"category","embeddable":true,"href":"https:\/\/haberbesiktas.tr\/index.php?rest_route=%2Fwp%2Fv2%2Fcategories&post=49032"},{"taxonomy":"post_tag","embeddable":true,"href":"https:\/\/haberbesiktas.tr\/index.php?rest_route=%2Fwp%2Fv2%2Ftags&post=49032"}],"curies":[{"name":"wp","href":"https:\/\/api.w.org\/{rel}","templated":true}]}}