{"id":4904,"date":"2025-01-20T07:11:58","date_gmt":"2025-01-20T07:11:58","guid":{"rendered":"https:\/\/haberbesiktas.tr\/?p=4904"},"modified":"2025-01-20T07:11:58","modified_gmt":"2025-01-20T07:11:58","slug":"ersin-destanoglundan-transfer-karari","status":"publish","type":"post","link":"https:\/\/haberbesiktas.tr\/?p=4904","title":{"rendered":"Ersin Destano\u011flu&#8217;ndan transfer karar\u0131!"},"content":{"rendered":"<div>\u0130ngiltere Championship gruplar\u0131ndan Watford, Be\u015fikta\u015f&#8217;tan Ersin Destano\u011flu ile ilgileniyor.<\/p>\n<p> Watford, Ersin Destano\u011flu i\u00e7in Be\u015fikta\u015f&#8217;a 1.5 milyon euro zarur\u00ee sat\u0131n alma opsiyonlu kiralama teklifinde bulundu.<\/p>\n<p> Daha fazla forma bulabilece\u011fi bir kadroya gitmek isteyen Ersin Destano\u011flu, \u0130ngiliz grubuna transfer olmaya s\u0131cak bak\u0131yor.<\/p>\n<p> Be\u015fikta\u015f, Ersin transfere s\u0131cak bakmas\u0131na kar\u015f\u0131n \u015fimdi Watford&#8217;un teklfifine kar\u015f\u0131l\u0131k vermedi.<\/p>\n<p> Yeni piyasa bedeli 2 milyon euro olarak g\u00f6sterilen Ersin Destano\u011flu&#8217;nun Be\u015fikta\u015f ile mukavelesi 2026 y\u0131l\u0131na kadar devam ediyor.<\/p>\n<\/div>\n","protected":false},"excerpt":{"rendered":"<p>Watford&#8217;un talip oldu\u011fu Be\u015fikta\u015fl\u0131 Ersin Destano\u011flu, \u0130ngiliz tak\u0131m\u0131na transfer olmaya s\u0131cak bak\u0131yor.<\/p>\n","protected":false},"author":1,"featured_media":4905,"comment_status":"open","ping_status":"open","sticky":false,"template":"","format":"standard","meta":{"footnotes":""},"categories":[25],"tags":[687],"class_list":["post-4904","post","type-post","status-publish","format-standard","has-post-thumbnail","hentry","category-futbol","tag-ersin"],"_links":{"self":[{"href":"https:\/\/haberbesiktas.tr\/index.php?rest_route=\/wp\/v2\/posts\/4904","targetHints":{"allow":["GET"]}}],"collection":[{"href":"https:\/\/haberbesiktas.tr\/index.php?rest_route=\/wp\/v2\/posts"}],"about":[{"href":"https:\/\/haberbesiktas.tr\/index.php?rest_route=\/wp\/v2\/types\/post"}],"author":[{"embeddable":true,"href":"https:\/\/haberbesiktas.tr\/index.php?rest_route=\/wp\/v2\/users\/1"}],"replies":[{"embeddable":true,"href":"https:\/\/haberbesiktas.tr\/index.php?rest_route=%2Fwp%2Fv2%2Fcomments&post=4904"}],"version-history":[{"count":1,"href":"https:\/\/haberbesiktas.tr\/index.php?rest_route=\/wp\/v2\/posts\/4904\/revisions"}],"predecessor-version":[{"id":4906,"href":"https:\/\/haberbesiktas.tr\/index.php?rest_route=\/wp\/v2\/posts\/4904\/revisions\/4906"}],"wp:featuredmedia":[{"embeddable":true,"href":"https:\/\/haberbesiktas.tr\/index.php?rest_route=\/wp\/v2\/media\/4905"}],"wp:attachment":[{"href":"https:\/\/haberbesiktas.tr\/index.php?rest_route=%2Fwp%2Fv2%2Fmedia&parent=4904"}],"wp:term":[{"taxonomy":"category","embeddable":true,"href":"https:\/\/haberbesiktas.tr\/index.php?rest_route=%2Fwp%2Fv2%2Fcategories&post=4904"},{"taxonomy":"post_tag","embeddable":true,"href":"https:\/\/haberbesiktas.tr\/index.php?rest_route=%2Fwp%2Fv2%2Ftags&post=4904"}],"curies":[{"name":"wp","href":"https:\/\/api.w.org\/{rel}","templated":true}]}}