{"id":49061,"date":"2026-01-13T11:00:05","date_gmt":"2026-01-13T11:00:05","guid":{"rendered":"https:\/\/haberbesiktas.tr\/?p=49061"},"modified":"2026-01-13T11:00:05","modified_gmt":"2026-01-13T11:00:05","slug":"freixadan-real-madrid-icin-jose-mourinho-benzetmesi","status":"publish","type":"post","link":"https:\/\/haberbesiktas.tr\/?p=49061","title":{"rendered":"Fre\u0131xa&#8217;dan Real Madrid i\u00e7in Jose Mourinho benzetmesi!"},"content":{"rendered":"<div>\n<p>Barcelona&#8217;n\u0131n eski y\u00f6neticilerinden<strong> Toni Freixa<\/strong>, Real Madrid&#8217;de Xabi Alonso&#8217;nun ayr\u0131l\u0131\u011f\u0131 sonras\u0131 misyona getirilen Alvaro Arbeloa hakk\u0131nda dikkat cazip bir de\u011ferlendirmede bulundu. Freixa, Madrid grubunda Jose Mourinho tesirinin yine hissedilece\u011fini savundu.<\/p>\n<p> <strong>&#8220;B\u0130Z\u0130 YEN\u0130 B\u0130R MOURINHO PER\u0130YODU BEKL\u0130YOR&#8221;<\/strong><\/p>\n<p> Real Madrid, k\u0131sa m\u00fchlet evvel teknik y\u00f6netici Xabi Alonso ile yollar\u0131n ayr\u0131ld\u0131\u011f\u0131n\u0131 a\u00e7\u0131klam\u0131\u015f, ekibin ba\u015f\u0131na Alvaro Arbeloa&#8217;n\u0131n getirildi\u011fini duyurmu\u015ftu. Bu geli\u015fmenin akabinde toplumsal medya hesab\u0131ndan payla\u015f\u0131m yapan Freixa<strong>, &#8220;G\u00f6r\u00fcn\u00fc\u015fe nazaran bizi yeni bir Mourinho periyodu bekliyor. Uyar\u0131lm\u0131\u015ft\u0131k&#8221;<\/strong> s\u00f6zlerini kulland\u0131. <\/p>\n<p> Mourinho, Real Madrid&#8217;i 2010-2013 y\u0131llar\u0131 ortas\u0131nda \u00e7al\u0131\u015ft\u0131rm\u0131\u015f ve kul\u00fcpte iz b\u0131rakan bir periyot ya\u015fam\u0131\u015ft\u0131. Tecr\u00fcbeli teknik adam \u015fu anda Benfica&#8217;y\u0131 \u00e7al\u0131\u015ft\u0131r\u0131yor. Arbeloa ise Mourinho&#8217;nun Real Madrid&#8217;de misyon yapt\u0131\u011f\u0131 devirde ekipte savunma oyuncusu olarak forma giymi\u015fti.<\/p>\n<\/div>\n","protected":false},"excerpt":{"rendered":"<p>Barcelona&#8217;n\u0131n eski y\u00f6neticilerinden Toni Freixa, Real Madrid&#8217;de Alvaro Arbeloa devrinin, Jose Mourinho tesirini tekrar hissettirece\u011fini s\u00f6yledi.<\/p>\n","protected":false},"author":1,"featured_media":49062,"comment_status":"open","ping_status":"open","sticky":false,"template":"","format":"standard","meta":{"footnotes":""},"categories":[25],"tags":[1086],"class_list":["post-49061","post","type-post","status-publish","format-standard","has-post-thumbnail","hentry","category-futbol","tag-madrid"],"_links":{"self":[{"href":"https:\/\/haberbesiktas.tr\/index.php?rest_route=\/wp\/v2\/posts\/49061","targetHints":{"allow":["GET"]}}],"collection":[{"href":"https:\/\/haberbesiktas.tr\/index.php?rest_route=\/wp\/v2\/posts"}],"about":[{"href":"https:\/\/haberbesiktas.tr\/index.php?rest_route=\/wp\/v2\/types\/post"}],"author":[{"embeddable":true,"href":"https:\/\/haberbesiktas.tr\/index.php?rest_route=\/wp\/v2\/users\/1"}],"replies":[{"embeddable":true,"href":"https:\/\/haberbesiktas.tr\/index.php?rest_route=%2Fwp%2Fv2%2Fcomments&post=49061"}],"version-history":[{"count":1,"href":"https:\/\/haberbesiktas.tr\/index.php?rest_route=\/wp\/v2\/posts\/49061\/revisions"}],"predecessor-version":[{"id":49063,"href":"https:\/\/haberbesiktas.tr\/index.php?rest_route=\/wp\/v2\/posts\/49061\/revisions\/49063"}],"wp:featuredmedia":[{"embeddable":true,"href":"https:\/\/haberbesiktas.tr\/index.php?rest_route=\/wp\/v2\/media\/49062"}],"wp:attachment":[{"href":"https:\/\/haberbesiktas.tr\/index.php?rest_route=%2Fwp%2Fv2%2Fmedia&parent=49061"}],"wp:term":[{"taxonomy":"category","embeddable":true,"href":"https:\/\/haberbesiktas.tr\/index.php?rest_route=%2Fwp%2Fv2%2Fcategories&post=49061"},{"taxonomy":"post_tag","embeddable":true,"href":"https:\/\/haberbesiktas.tr\/index.php?rest_route=%2Fwp%2Fv2%2Ftags&post=49061"}],"curies":[{"name":"wp","href":"https:\/\/api.w.org\/{rel}","templated":true}]}}