{"id":49064,"date":"2026-01-13T11:12:06","date_gmt":"2026-01-13T11:12:06","guid":{"rendered":"https:\/\/haberbesiktas.tr\/?p=49064"},"modified":"2026-01-13T11:12:06","modified_gmt":"2026-01-13T11:12:06","slug":"real-madridde-xabi-alonso-neden-gitti-guti-acikladi","status":"publish","type":"post","link":"https:\/\/haberbesiktas.tr\/?p=49064","title":{"rendered":"Real Madrid&#8217;de Xabi Alonso neden gitti? Guti a\u00e7\u0131klad\u0131"},"content":{"rendered":"<div>\n<p>Real Madrid efsanesi Guti, misyonuna son verilen teknik y\u00f6netici Xabi Alonso hakk\u0131nda dikkat \u00e7eken a\u00e7\u0131klamalarda bulundu. Tecr\u00fcbeli isim, futbolcular\u0131n teknik y\u00f6neticiden \u015fad olmad\u0131\u011f\u0131 durumlar\u0131n hem idmanlarda hem de ma\u00e7larda a\u00e7\u0131k\u00e7a g\u00f6r\u00fcld\u00fc\u011f\u00fcn\u00fc vurgulad\u0131.<\/p>\n<p> \u0130spanyol grubunda misyon yapan Alonso&#8217;nun mukavelesi, kul\u00fcple kar\u015f\u0131l\u0131kl\u0131 mutabakatla feshedilmi\u015fti. Guti, bu ayr\u0131l\u0131\u011f\u0131n perde gerisine ait de\u011ferlendirmesinde soyunma odas\u0131 fakt\u00f6r\u00fcne dikkat \u00e7ekti.<\/p>\n<p> <strong>&#8220;AYRILI\u011eIN ASIL SEBEB\u0130&#8230;&#8221;<\/strong> <\/p>\n<p> <strong>&#8220;Xabi periyodunda soyunma odas\u0131n\u0131n havas\u0131n\u0131 te\u011fe bir ya\u015famad\u0131m&#8221;<\/strong> diyen Guti,<strong> &#8220;Ancak futbolcular teknik y\u00f6neticiden \u015fad de\u011filse bu durum \u00e7ok net hissedilir. Yaln\u0131zca idmanlarda de\u011fil, ma\u00e7lara da yans\u0131r. Bence Xabi&#8217;nin \u015fu anda ayr\u0131lmas\u0131n\u0131n temel nedeni de buydu&#8221;<\/strong> s\u00f6zlerini kulland\u0131.<\/p>\n<p> <strong>&#8220;SONU\u00c7LAR MAK\u00dbS DE\u011e\u0130LD\u0130&#8221;<\/strong><\/p>\n<p> Alonso&#8217;nun alandaki performans\u0131na da de\u011finen Guti, istatistiklerin olumsuz bir tablo \u00e7izmedi\u011fini belirtti. <strong>&#8220;Oyun stili ya da ekibin alanda yapt\u0131klar\u0131 a\u00e7\u0131s\u0131ndan bakt\u0131\u011f\u0131m\u0131zda, yeni g\u00f6rd\u00fc\u011f\u00fcm bir istatisti\u011fe nazaran Hansi Flick, Barcelona&#8217;da 34 ma\u00e7ta Xabi ile birebir sonu\u00e7lar\u0131 elde etmi\u015f. Bu da galibiyet say\u0131s\u0131 a\u00e7\u0131s\u0131ndan durumun mak\u00fbs olmad\u0131\u011f\u0131n\u0131 g\u00f6steriyor&#8221;<\/strong> dedi.<\/p>\n<\/div>\n","protected":false},"excerpt":{"rendered":"<p>Real Madrid efsanelerinden Guti, vazifesine son verilen teknik y\u00f6netici Xabi Alonso hakk\u0131nda \u00e7arp\u0131c\u0131 de\u011ferlendirmelerde bulundu. \u0130\u015fte o a\u00e7\u0131klamalar&#8230;<\/p>\n","protected":false},"author":1,"featured_media":49065,"comment_status":"open","ping_status":"open","sticky":false,"template":"","format":"standard","meta":{"footnotes":""},"categories":[25],"tags":[],"class_list":["post-49064","post","type-post","status-publish","format-standard","has-post-thumbnail","hentry","category-futbol"],"_links":{"self":[{"href":"https:\/\/haberbesiktas.tr\/index.php?rest_route=\/wp\/v2\/posts\/49064","targetHints":{"allow":["GET"]}}],"collection":[{"href":"https:\/\/haberbesiktas.tr\/index.php?rest_route=\/wp\/v2\/posts"}],"about":[{"href":"https:\/\/haberbesiktas.tr\/index.php?rest_route=\/wp\/v2\/types\/post"}],"author":[{"embeddable":true,"href":"https:\/\/haberbesiktas.tr\/index.php?rest_route=\/wp\/v2\/users\/1"}],"replies":[{"embeddable":true,"href":"https:\/\/haberbesiktas.tr\/index.php?rest_route=%2Fwp%2Fv2%2Fcomments&post=49064"}],"version-history":[{"count":1,"href":"https:\/\/haberbesiktas.tr\/index.php?rest_route=\/wp\/v2\/posts\/49064\/revisions"}],"predecessor-version":[{"id":49066,"href":"https:\/\/haberbesiktas.tr\/index.php?rest_route=\/wp\/v2\/posts\/49064\/revisions\/49066"}],"wp:featuredmedia":[{"embeddable":true,"href":"https:\/\/haberbesiktas.tr\/index.php?rest_route=\/wp\/v2\/media\/49065"}],"wp:attachment":[{"href":"https:\/\/haberbesiktas.tr\/index.php?rest_route=%2Fwp%2Fv2%2Fmedia&parent=49064"}],"wp:term":[{"taxonomy":"category","embeddable":true,"href":"https:\/\/haberbesiktas.tr\/index.php?rest_route=%2Fwp%2Fv2%2Fcategories&post=49064"},{"taxonomy":"post_tag","embeddable":true,"href":"https:\/\/haberbesiktas.tr\/index.php?rest_route=%2Fwp%2Fv2%2Ftags&post=49064"}],"curies":[{"name":"wp","href":"https:\/\/api.w.org\/{rel}","templated":true}]}}