{"id":49070,"date":"2026-01-13T11:36:06","date_gmt":"2026-01-13T11:36:06","guid":{"rendered":"https:\/\/haberbesiktas.tr\/?p=49070"},"modified":"2026-01-13T11:36:06","modified_gmt":"2026-01-13T11:36:06","slug":"mesut-ozilden-matteo-guendouziye-ovgu","status":"publish","type":"post","link":"https:\/\/haberbesiktas.tr\/?p=49070","title":{"rendered":"Mesut \u00d6zil&#8217;den Matteo Guendouzi&#8217;ye \u00f6vg\u00fc"},"content":{"rendered":"<p>Fenerbah\u00e7e&#8217;nin eski y\u0131ld\u0131z\u0131 Mesut \u00d6zil, sar\u0131-lacivertli kadronun yeni transferi Matteo Guendouzi&#8217;yi Sabah Spor&#8217;a yorumlad\u0131.<\/p>\n<p> <strong>&#8220;G.SARAY&#8217;A KAR\u015eI KEND\u0130S\u0130N\u0130 \u0130SPAT ETT\u0130&#8221;<\/strong><\/p>\n<p> Bir periyot Arsenal&#8217;de birlikte forma giydi\u011fi Frans\u0131z futbolcunun \u00e7ok yetenekli oldu\u011funu s\u00f6yleyen Mesut \u00d6zil,<strong> &#8220;Guendouzi nitekim \u00e7ok yeterli bir futbolcu, de\u011ferli bir y\u0131ld\u0131z. Fenerbah\u00e7e&#8217;de muvaffakiyetler diliyorum. Birinci ma\u00e7ta hem de G.Saray&#8217;a kar\u015f\u0131 kendisini asl\u0131nda ispat etti. Nas\u0131l bir kademe oyuncusu oldu\u011funu herkese g\u00f6sterdi&#8221;<\/strong> s\u00f6z\u00fcn\u00fc kulland\u0131.<\/p>\n<p> <strong>&#8220;FARKLI \u00d6ZELL\u0130KLER\u0130 OLAN B\u0130R OYUNCU&#8221;<\/strong><\/p>\n<p> Fenerbah\u00e7e&#8217;nin hakikat bir transfer yapt\u0131\u011f\u0131n\u0131 vurgulayan Mesut, <strong>&#8220;Ko\u015fan, gayret eden, farkl\u0131 \u00f6zellikleri olan bir oyuncu. Guendouzi hem savunmada hem atakta ekipte \u00e7ok tesirli olacakt\u0131r&#8221;<\/strong> dedi.<\/p>\n<p> <strong>&#8220;BU TAKIM AVRUPA&#8217;DA KUPA ALMALI&#8221;<\/strong><\/p>\n<p> Kanarya&#8217;n\u0131n yeni hocas\u0131 Tedesco&#8217;yu da pahaland\u0131ran 37 ya\u015f\u0131ndaki \u00fcnl\u00fc isim, \u015funlar\u0131 s\u00f6yledi:<strong> &#8220;Tak\u0131ma katk\u0131s\u0131 olumlu tarafta oldu. Fenerbah\u00e7e&#8217;nin \u00e7ok yetenekli oyuncular\u0131 var, ho\u015f bir tak\u0131m kurdular. Son ma\u00e7ta Galatasaray&#8217;a kar\u015f\u0131 da g\u00f6rd\u00fck. Derbide m\u00fcspet bir oyun, ger\u00e7ek bir futbol vard\u0131. Grup i\u00e7erisindeki ahenk ve g\u00fc\u00e7 \u00fcst d\u00fczeyde. Avrupa&#8217;da da ba\u015far\u0131l\u0131 olmak ve kupa kald\u0131rmak de\u011ferli. \u0130n\u015fallah Avrupa&#8217;da ba\u015far\u0131l\u0131 olurlar.&#8221;\u00a0\u00a0<\/strong><\/p>\n<p> \u00a0<\/p>\n","protected":false},"excerpt":{"rendered":"<p>Mesut \u00d6zil, Guendouzi&#8217;nin Fenerbah\u00e7e i\u00e7in hakikat bir transfer oldu\u011funu, derbide kendini kan\u0131tlad\u0131\u011f\u0131n\u0131 ve bu tak\u0131m\u0131n Avrupa&#8217;da kupa kazanabilecek potansiyele sahip bulundu\u011funu s\u00f6yledi.<\/p>\n","protected":false},"author":1,"featured_media":49071,"comment_status":"open","ping_status":"open","sticky":false,"template":"","format":"standard","meta":{"footnotes":""},"categories":[25],"tags":[],"class_list":["post-49070","post","type-post","status-publish","format-standard","has-post-thumbnail","hentry","category-futbol"],"_links":{"self":[{"href":"https:\/\/haberbesiktas.tr\/index.php?rest_route=\/wp\/v2\/posts\/49070","targetHints":{"allow":["GET"]}}],"collection":[{"href":"https:\/\/haberbesiktas.tr\/index.php?rest_route=\/wp\/v2\/posts"}],"about":[{"href":"https:\/\/haberbesiktas.tr\/index.php?rest_route=\/wp\/v2\/types\/post"}],"author":[{"embeddable":true,"href":"https:\/\/haberbesiktas.tr\/index.php?rest_route=\/wp\/v2\/users\/1"}],"replies":[{"embeddable":true,"href":"https:\/\/haberbesiktas.tr\/index.php?rest_route=%2Fwp%2Fv2%2Fcomments&post=49070"}],"version-history":[{"count":1,"href":"https:\/\/haberbesiktas.tr\/index.php?rest_route=\/wp\/v2\/posts\/49070\/revisions"}],"predecessor-version":[{"id":49072,"href":"https:\/\/haberbesiktas.tr\/index.php?rest_route=\/wp\/v2\/posts\/49070\/revisions\/49072"}],"wp:featuredmedia":[{"embeddable":true,"href":"https:\/\/haberbesiktas.tr\/index.php?rest_route=\/wp\/v2\/media\/49071"}],"wp:attachment":[{"href":"https:\/\/haberbesiktas.tr\/index.php?rest_route=%2Fwp%2Fv2%2Fmedia&parent=49070"}],"wp:term":[{"taxonomy":"category","embeddable":true,"href":"https:\/\/haberbesiktas.tr\/index.php?rest_route=%2Fwp%2Fv2%2Fcategories&post=49070"},{"taxonomy":"post_tag","embeddable":true,"href":"https:\/\/haberbesiktas.tr\/index.php?rest_route=%2Fwp%2Fv2%2Ftags&post=49070"}],"curies":[{"name":"wp","href":"https:\/\/api.w.org\/{rel}","templated":true}]}}