{"id":49076,"date":"2026-01-13T12:00:04","date_gmt":"2026-01-13T12:00:04","guid":{"rendered":"https:\/\/haberbesiktas.tr\/?p=49076"},"modified":"2026-01-13T12:00:04","modified_gmt":"2026-01-13T12:00:04","slug":"galatasarayda-yusuf-demir-tepkisi","status":"publish","type":"post","link":"https:\/\/haberbesiktas.tr\/?p=49076","title":{"rendered":"Galatasaray&#8217;da Yusuf Demir tepkisi!"},"content":{"rendered":"<div>Galatasaray&#8217;da yollar\u0131n ayr\u0131lmas\u0131 beklenen Yusuf Demir ile ilgili dikkat \u00e7eken bir geli\u015fme ya\u015fand\u0131.<\/p>\n<p> 22 ya\u015f\u0131ndaki gen\u00e7 futbolcu, T\u00fcrkiye Kupas\u0131&#8217;nda Fethiyespor ile oynanacak ma\u00e7\u0131n tak\u0131m\u0131nda yer ald\u0131.<\/p>\n<p> Galatasaray Teknik Y\u00f6neticisi Okan Buruk ve Sportif A\u015e Lider Vekili Abdullah Kavukcu&#8217;nun ekipten ayr\u0131laca\u011f\u0131n\u0131 a\u00e7\u0131klad\u0131\u011f\u0131 Yusuf Demir&#8217;in tak\u0131mda yer almas\u0131 taraftar\u0131n reaksiyonunu \u00e7ekti.<\/p>\n<p> Transfer konusunda ge\u00e7 kal\u0131nmas\u0131 nedeniyle idareye reaksiyonlu olan taraftarlar, kadrodan ayr\u0131laca\u011f\u0131 a\u00e7\u0131klanan Yusuf Demir&#8217;in tak\u0131mda yer almas\u0131n\u0131 da plans\u0131zl\u0131k olarak yorumlad\u0131 ve idareye reaksiyon g\u00f6sterdi.<\/p>\n<\/div>\n","protected":false},"excerpt":{"rendered":"<p>Galatasaray formas\u0131 giyen Yusuf Demir, T\u00fcrkiye Kupas\u0131&#8217;nda Fethiyespor ile oynanacak ma\u00e7\u0131n tak\u0131m\u0131nda yer ald\u0131. Sar\u0131-k\u0131rm\u0131z\u0131l\u0131 taraftarlar, bu karara reaksiyon g\u00f6sterdi.<\/p>\n","protected":false},"author":1,"featured_media":49077,"comment_status":"open","ping_status":"open","sticky":false,"template":"","format":"standard","meta":{"footnotes":""},"categories":[25],"tags":[],"class_list":["post-49076","post","type-post","status-publish","format-standard","has-post-thumbnail","hentry","category-futbol"],"_links":{"self":[{"href":"https:\/\/haberbesiktas.tr\/index.php?rest_route=\/wp\/v2\/posts\/49076","targetHints":{"allow":["GET"]}}],"collection":[{"href":"https:\/\/haberbesiktas.tr\/index.php?rest_route=\/wp\/v2\/posts"}],"about":[{"href":"https:\/\/haberbesiktas.tr\/index.php?rest_route=\/wp\/v2\/types\/post"}],"author":[{"embeddable":true,"href":"https:\/\/haberbesiktas.tr\/index.php?rest_route=\/wp\/v2\/users\/1"}],"replies":[{"embeddable":true,"href":"https:\/\/haberbesiktas.tr\/index.php?rest_route=%2Fwp%2Fv2%2Fcomments&post=49076"}],"version-history":[{"count":1,"href":"https:\/\/haberbesiktas.tr\/index.php?rest_route=\/wp\/v2\/posts\/49076\/revisions"}],"predecessor-version":[{"id":49078,"href":"https:\/\/haberbesiktas.tr\/index.php?rest_route=\/wp\/v2\/posts\/49076\/revisions\/49078"}],"wp:featuredmedia":[{"embeddable":true,"href":"https:\/\/haberbesiktas.tr\/index.php?rest_route=\/wp\/v2\/media\/49077"}],"wp:attachment":[{"href":"https:\/\/haberbesiktas.tr\/index.php?rest_route=%2Fwp%2Fv2%2Fmedia&parent=49076"}],"wp:term":[{"taxonomy":"category","embeddable":true,"href":"https:\/\/haberbesiktas.tr\/index.php?rest_route=%2Fwp%2Fv2%2Fcategories&post=49076"},{"taxonomy":"post_tag","embeddable":true,"href":"https:\/\/haberbesiktas.tr\/index.php?rest_route=%2Fwp%2Fv2%2Ftags&post=49076"}],"curies":[{"name":"wp","href":"https:\/\/api.w.org\/{rel}","templated":true}]}}