{"id":49079,"date":"2026-01-13T12:12:06","date_gmt":"2026-01-13T12:12:06","guid":{"rendered":"https:\/\/haberbesiktas.tr\/?p=49079"},"modified":"2026-01-13T12:12:06","modified_gmt":"2026-01-13T12:12:06","slug":"galatasarayda-singo-belirsizligi","status":"publish","type":"post","link":"https:\/\/haberbesiktas.tr\/?p=49079","title":{"rendered":"Galatasaray&#8217;da Singo belirsizli\u011fi"},"content":{"rendered":"<div>Galatasaray&#8217;da Wilfried Singo ile ilgili belirsizlik devam ediyor.<\/p>\n<p> Sar\u0131-k\u0131rm\u0131z\u0131l\u0131larda sakatl\u0131\u011f\u0131 nedeniyle 11 Kas\u0131m&#8217;dan bu yana forma giyemeyen ve bu m\u00fchlet i\u00e7erisinde 14 ma\u00e7 ka\u00e7\u0131ran Fildi\u015fili savunma oyuncusunun alanlara ne vakit geri d\u00f6nece\u011fi netlik kazanmad\u0131.<\/p>\n<p> \u00c7al\u0131\u015fmalar\u0131n\u0131 s\u00fcrd\u00fcren 25 ya\u015f\u0131ndaki futbolcunun 21 Ocak&#8217;ta Atletico Madrid&#8217;e kar\u015f\u0131 oynanacak \u015eampiyonlar Ligi ma\u00e7\u0131nda da oynay\u0131p oynamayaca\u011f\u0131 merak konusu oldu.<\/p>\n<p> Galatasaray&#8217;da bu d\u00f6nem 10 ma\u00e7ta m\u00fcddet bulan Singo, 1 asist yapt\u0131.<\/p>\n<p><\/div>\n","protected":false},"excerpt":{"rendered":"<p>Galatasaray&#8217;da sakatl\u0131\u011f\u0131 bulunan Wilfried Singo&#8217;nun alanlara geri d\u00f6n\u00fc\u015f\u00fcyle ilgili belirsizlik devam ediyor.<\/p>\n","protected":false},"author":1,"featured_media":49080,"comment_status":"open","ping_status":"open","sticky":false,"template":"","format":"standard","meta":{"footnotes":""},"categories":[25],"tags":[],"class_list":["post-49079","post","type-post","status-publish","format-standard","has-post-thumbnail","hentry","category-futbol"],"_links":{"self":[{"href":"https:\/\/haberbesiktas.tr\/index.php?rest_route=\/wp\/v2\/posts\/49079","targetHints":{"allow":["GET"]}}],"collection":[{"href":"https:\/\/haberbesiktas.tr\/index.php?rest_route=\/wp\/v2\/posts"}],"about":[{"href":"https:\/\/haberbesiktas.tr\/index.php?rest_route=\/wp\/v2\/types\/post"}],"author":[{"embeddable":true,"href":"https:\/\/haberbesiktas.tr\/index.php?rest_route=\/wp\/v2\/users\/1"}],"replies":[{"embeddable":true,"href":"https:\/\/haberbesiktas.tr\/index.php?rest_route=%2Fwp%2Fv2%2Fcomments&post=49079"}],"version-history":[{"count":1,"href":"https:\/\/haberbesiktas.tr\/index.php?rest_route=\/wp\/v2\/posts\/49079\/revisions"}],"predecessor-version":[{"id":49081,"href":"https:\/\/haberbesiktas.tr\/index.php?rest_route=\/wp\/v2\/posts\/49079\/revisions\/49081"}],"wp:featuredmedia":[{"embeddable":true,"href":"https:\/\/haberbesiktas.tr\/index.php?rest_route=\/wp\/v2\/media\/49080"}],"wp:attachment":[{"href":"https:\/\/haberbesiktas.tr\/index.php?rest_route=%2Fwp%2Fv2%2Fmedia&parent=49079"}],"wp:term":[{"taxonomy":"category","embeddable":true,"href":"https:\/\/haberbesiktas.tr\/index.php?rest_route=%2Fwp%2Fv2%2Fcategories&post=49079"},{"taxonomy":"post_tag","embeddable":true,"href":"https:\/\/haberbesiktas.tr\/index.php?rest_route=%2Fwp%2Fv2%2Ftags&post=49079"}],"curies":[{"name":"wp","href":"https:\/\/api.w.org\/{rel}","templated":true}]}}